{"id":29433,"date":"2018-06-30T12:33:14","date_gmt":"2018-06-30T15:33:14","guid":{"rendered":"https:\/\/www.actualidadadiario.com\/?p=29433"},"modified":"2018-11-06T19:42:44","modified_gmt":"2018-11-06T22:42:44","slug":"cristina-pidio-eliminar-una-expresion-del-acuerdo-con-el-fondo-monetario","status":"publish","type":"post","link":"https:\/\/www.actualidadadiario.com\/index.php\/2018\/06\/30\/cristina-pidio-eliminar-una-expresion-del-acuerdo-con-el-fondo-monetario\/","title":{"rendered":"Cristina pidi\u00f3 eliminar una expresi\u00f3n del acuerdo con el Fondo Monetario"},"content":{"rendered":"<p><em><strong>La senadora Cristina Kirchner solicit\u00f3 que se anule del Memor\u00e1ndum de Entendimiento T\u00e9cnico con el Fondo Monetario Internacional (FMI) la definici\u00f3n de \u201cincautaci\u00f3n\u201d, referida a la estatizaci\u00f3n de los fondos de jubilaciones y pensiones, cuya administraci\u00f3n estaba en manos privadas hasta 2008<\/strong><\/em><\/p>\n<p>&nbsp;<\/p>\n<p>&nbsp;<\/p>\n<p>&nbsp;<\/p>\n<p>&nbsp;<\/p>\n<p>En un proyecto de ley presentado, la ex presidenta advirti\u00f3 que la expresi\u00f3n \u201cincautados en 2008\u201d, que el gobierno de Mauricio Macri incluy\u00f3 en el acuerdo con el FMI para definir a los fondos de jubilaciones y pensiones que administraban las AFJP \u201ces una afirmaci\u00f3n falsa\u201d y \u201cmerece ser suprimida de manera urgente ante las posibles consecuencias gravosas que la misma puede acarrear para nuestro pa\u00eds\u201d.<\/p>\n<p>&nbsp;<\/p>\n<p>Aun teniendo en cuenta que el acuerdo celebrado entre el Poder Ejecutivo Nacional y el FMI debe ser debatido en el \u00e1mbito del Congreso de la Naci\u00f3n, de conformidad con lo prescripto en el art\u00edculo 75 de la Constituci\u00f3n, la \u201cgravedad de la situaci\u00f3n\u201d hace necesario y urgente el tratamiento de este proyecto de ley, consider\u00f3 la expresidenta en su proyecto.<\/p>\n<p>&nbsp;<\/p>\n<p>En la iniciativa se indic\u00f3 que \u201cseg\u00fan la Real Academia Espa\u00f1ola, el t\u00e9rmino incautar tiene dos acepciones: privar a alguien de alguno de sus bienes como consecuencia de la relaci\u00f3n de estos con un delito, falta o infracci\u00f3n administrativa, y el m\u00e1s directo apoderarse ileg\u00edtimamente de algo \u201c. \u201cEs por ello que, las palabras utilizadas por los funcionarios de este gobierno, que esperamos constituyan un lamentable error, no pueden pasar inadvertidas\u201d, afirm\u00f3 en el proyecto.<\/p>\n<p>&nbsp;<\/p>\n<p>\u201cLa Ley N\u00b0 26.425, al unificar el Sistema Integrado de Jubilaciones y Pensiones en un \u00fanico r\u00e9gimen previsional p\u00fablico (SIPA), resolvi\u00f3 la recuperaci\u00f3n y nacionalizaci\u00f3n de los fondos de jubilaciones y pensiones cuya administraci\u00f3n estaba en manos privadas, y no eran de propiedad de las empresas administradoras\u201d, se indic\u00f3.<\/p>\n<p>&nbsp;<\/p>\n<p>Y concluy\u00f3 afirmando que \u201csi a ello le sumamos que el actual titular del Fondo de Garant\u00eda de Sustentabilidad de la Administraci\u00f3n Nacional de la Seguridad Social (FGS), Juan Mart\u00edn Monge, haya sido el CEO de la empresa demandante (Metlife) hasta diciembre de 2016 la necesidad de la sanci\u00f3n de la presente se convierte en un ejercicio de responsabilidad institucional, sin perjuicio de las acciones penales y de responsabilidad civil que pudieran corresponder\u201d.<\/p>\n","protected":false},"excerpt":{"rendered":"<p>La senadora Cristina Kirchner solicit\u00f3 que se anule del Memor\u00e1ndum de Entendimiento T\u00e9cnico con el Fondo Monetario Internacional (FMI) la definici\u00f3n de \u201cincautaci\u00f3n\u201d, referida a la estatizaci\u00f3n de los fondos de jubilaciones y pensiones, cuya administraci\u00f3n estaba en manos privadas hasta 2008 &nbsp; &nbsp; &nbsp; &nbsp; En un proyecto de ley presentado, la ex presidenta advirti\u00f3 que la expresi\u00f3n \u201cincautados en 2008\u201d, que el gobierno de Mauricio Macri incluy\u00f3 en el acuerdo con el FMI para definir a los fondos de jubilaciones y pensiones que administraban las AFJP \u201ces una&#8230;<\/p>\n","protected":false},"author":3,"featured_media":29434,"comment_status":"closed","ping_status":"closed","sticky":false,"template":"","format":"standard","meta":[],"categories":[18],"tags":[],"_links":{"self":[{"href":"https:\/\/www.actualidadadiario.com\/index.php\/wp-json\/wp\/v2\/posts\/29433"}],"collection":[{"href":"https:\/\/www.actualidadadiario.com\/index.php\/wp-json\/wp\/v2\/posts"}],"about":[{"href":"https:\/\/www.actualidadadiario.com\/index.php\/wp-json\/wp\/v2\/types\/post"}],"author":[{"embeddable":true,"href":"https:\/\/www.actualidadadiario.com\/index.php\/wp-json\/wp\/v2\/users\/3"}],"replies":[{"embeddable":true,"href":"https:\/\/www.actualidadadiario.com\/index.php\/wp-json\/wp\/v2\/comments?post=29433"}],"version-history":[{"count":1,"href":"https:\/\/www.actualidadadiario.com\/index.php\/wp-json\/wp\/v2\/posts\/29433\/revisions"}],"predecessor-version":[{"id":29435,"href":"https:\/\/www.actualidadadiario.com\/index.php\/wp-json\/wp\/v2\/posts\/29433\/revisions\/29435"}],"wp:featuredmedia":[{"embeddable":true,"href":"https:\/\/www.actualidadadiario.com\/index.php\/wp-json\/wp\/v2\/media\/29434"}],"wp:attachment":[{"href":"https:\/\/www.actualidadadiario.com\/index.php\/wp-json\/wp\/v2\/media?parent=29433"}],"wp:term":[{"taxonomy":"category","embeddable":true,"href":"https:\/\/www.actualidadadiario.com\/index.php\/wp-json\/wp\/v2\/categories?post=29433"},{"taxonomy":"post_tag","embeddable":true,"href":"https:\/\/www.actualidadadiario.com\/index.php\/wp-json\/wp\/v2\/tags?post=29433"}],"curies":[{"name":"wp","href":"https:\/\/api.w.org\/{rel}","templated":true}]}}