{"id":29431,"date":"2018-06-30T12:32:32","date_gmt":"2018-06-30T15:32:32","guid":{"rendered":"https:\/\/www.actualidadadiario.com\/?p=29431"},"modified":"2018-11-06T19:42:44","modified_gmt":"2018-11-06T22:42:44","slug":"segun-pinedo-el-proyecto-de-legalizacion-del-aborto-sera-modificado-por-el-senado","status":"publish","type":"post","link":"https:\/\/www.actualidadadiario.com\/index.php\/2018\/06\/30\/segun-pinedo-el-proyecto-de-legalizacion-del-aborto-sera-modificado-por-el-senado\/","title":{"rendered":"Seg\u00fan Pinedo, el proyecto de legalizaci\u00f3n del aborto ser\u00e1 modificado por el Senado"},"content":{"rendered":"<p><em><strong>El presidente provisional del Senado sostuvo que una mayor\u00eda de legisladores &#8220;que piensa que la sanci\u00f3n de Diputados es dif\u00edcil que quede como est\u00e1&#8221;<\/strong><\/em><\/p>\n<p>&nbsp;<\/p>\n<p>&nbsp;<\/p>\n<p>&nbsp;<\/p>\n<p>El presidente provisional del Senado, Federico Pinedo, consider\u00f3 este viernes que el proyecto de legalizaci\u00f3n del aborto ser\u00e1 modificado porque hay &#8220;una mayor\u00eda de senadores que piensa que la sanci\u00f3n de Diputados es dif\u00edcil que quede como est\u00e1&#8221;.<\/p>\n<p>&nbsp;<\/p>\n<p>Pinedo se expres\u00f3 as\u00ed frente al debate que comenzar\u00e1 el pr\u00f3ximo martes en el plenario de las comisiones de Salud, de Justicia y Asuntos Penales y de Asuntos Constitucionales sobre el proyecto aprobado por la C\u00e1mara de Diputados, que el Senado votar\u00e1 el 8 de agosto.<\/p>\n<p>&nbsp;<\/p>\n<p>El referente de Cambiemos sostuvo que mientras hay senadores que est\u00e1n trabajando &#8220;con mucha convicci\u00f3n, unos por la ratificaci\u00f3n de lo de Diputados y otros por buscar una alternativa&#8221;, hay otros que &#8220;no est\u00e1n c\u00f3modos con ninguna de las dos posiciones extremas: ni con la sanci\u00f3n de Diputados, ni tampoco con simplemente decir que no&#8221;.<\/p>\n<p>&nbsp;<\/p>\n<p>Por ello, Pinedo evalu\u00f3 que hay &#8220;una mayor\u00eda de senadores que piensa que la sanci\u00f3n de Diputados es dif\u00edcil que quede como est\u00e1, porque tiene un par de temas que para much\u00edsimos, m\u00e1s all\u00e1 de las posiciones pro aborto o contra el aborto, les parece que est\u00e1 mal&#8221;.<\/p>\n<p>&nbsp;<\/p>\n<p>Si el proyecto recibe modificaciones deber\u00e1 ser devuelto a la C\u00e1mara de Diputados, que podr\u00e1 aprobar los cambios o ratificar la iniciativa original si re\u00fane la misma mayor\u00eda con la que el Senado lo apruebe.<\/p>\n","protected":false},"excerpt":{"rendered":"<p>El presidente provisional del Senado sostuvo que una mayor\u00eda de legisladores &#8220;que piensa que la sanci\u00f3n de Diputados es dif\u00edcil que quede como est\u00e1&#8221; &nbsp; &nbsp; &nbsp; El presidente provisional del Senado, Federico Pinedo, consider\u00f3 este viernes que el proyecto de legalizaci\u00f3n del aborto ser\u00e1 modificado porque hay &#8220;una mayor\u00eda de senadores que piensa que la sanci\u00f3n de Diputados es dif\u00edcil que quede como est\u00e1&#8221;. &nbsp; Pinedo se expres\u00f3 as\u00ed frente al debate que comenzar\u00e1 el pr\u00f3ximo martes en el plenario de las comisiones de Salud, de Justicia y Asuntos&#8230;<\/p>\n","protected":false},"author":3,"featured_media":26303,"comment_status":"closed","ping_status":"closed","sticky":false,"template":"","format":"standard","meta":[],"categories":[18],"tags":[],"_links":{"self":[{"href":"https:\/\/www.actualidadadiario.com\/index.php\/wp-json\/wp\/v2\/posts\/29431"}],"collection":[{"href":"https:\/\/www.actualidadadiario.com\/index.php\/wp-json\/wp\/v2\/posts"}],"about":[{"href":"https:\/\/www.actualidadadiario.com\/index.php\/wp-json\/wp\/v2\/types\/post"}],"author":[{"embeddable":true,"href":"https:\/\/www.actualidadadiario.com\/index.php\/wp-json\/wp\/v2\/users\/3"}],"replies":[{"embeddable":true,"href":"https:\/\/www.actualidadadiario.com\/index.php\/wp-json\/wp\/v2\/comments?post=29431"}],"version-history":[{"count":1,"href":"https:\/\/www.actualidadadiario.com\/index.php\/wp-json\/wp\/v2\/posts\/29431\/revisions"}],"predecessor-version":[{"id":29432,"href":"https:\/\/www.actualidadadiario.com\/index.php\/wp-json\/wp\/v2\/posts\/29431\/revisions\/29432"}],"wp:featuredmedia":[{"embeddable":true,"href":"https:\/\/www.actualidadadiario.com\/index.php\/wp-json\/wp\/v2\/media\/26303"}],"wp:attachment":[{"href":"https:\/\/www.actualidadadiario.com\/index.php\/wp-json\/wp\/v2\/media?parent=29431"}],"wp:term":[{"taxonomy":"category","embeddable":true,"href":"https:\/\/www.actualidadadiario.com\/index.php\/wp-json\/wp\/v2\/categories?post=29431"},{"taxonomy":"post_tag","embeddable":true,"href":"https:\/\/www.actualidadadiario.com\/index.php\/wp-json\/wp\/v2\/tags?post=29431"}],"curies":[{"name":"wp","href":"https:\/\/api.w.org\/{rel}","templated":true}]}}