{"id":29428,"date":"2018-06-30T12:30:03","date_gmt":"2018-06-30T15:30:03","guid":{"rendered":"https:\/\/www.actualidadadiario.com\/?p=29428"},"modified":"2018-11-06T19:42:44","modified_gmt":"2018-11-06T22:42:44","slug":"german-garavano-le-respondio-a-la-corte-los-fondos-les-alcanzan-perfectamente","status":"publish","type":"post","link":"https:\/\/www.actualidadadiario.com\/index.php\/2018\/06\/30\/german-garavano-le-respondio-a-la-corte-los-fondos-les-alcanzan-perfectamente\/","title":{"rendered":"Germ\u00e1n Garavano le respondi\u00f3 a la Corte: \u201cLos fondos les alcanzan perfectamente\u201d"},"content":{"rendered":"<p><em><strong>El ministro de Justicia opin\u00f3 sobre el pedido de mayor presupuesto de la Corte Suprema de Justicia y sostuvo que probablemente sea \u201cun desacople de informaci\u00f3n\u201d<\/strong><\/em><\/p>\n<p>&nbsp;<\/p>\n<p>&nbsp;<\/p>\n<p>&nbsp;<\/p>\n<p>&nbsp;<\/p>\n<p>Luego de que la Corte Suprema de Justicia le reclamara al jefe de Gabinete Marcos Pe\u00f1a la actualizaci\u00f3n de las partidas presupuestarias que recibe por parte del Gobierno para poder funcionar, el ministro de Justicia, Germ\u00e1n Garavano, se mostr\u00f3 \u201csorprendido\u201d y dijo que \u201clos fondos alcanzan perfectamente\u201d.<\/p>\n<p>&nbsp;<\/p>\n<p>\u201cEstuve hablando ayer con el presidente de la Corte y el administrador de la Corte. Al Gobierno nos sorprendi\u00f3 la nota porque ayer hab\u00eda estado el administrador a la ma\u00f1ana con el equipo de Dujovne y no se hab\u00eda planteado la cuesti\u00f3n. Aparentemente esto se debe a algunos fondos que est\u00e1n comprometidos pero no devengados\u201d, explic\u00f3 Garavano en di\u00e1logo con Marcelo Longobardi por Radio Mitre.<\/p>\n<p>&nbsp;<\/p>\n<p>En la misma l\u00ednea, agreg\u00f3: \u201cCuando uno mira la ejecuci\u00f3n de la Corte, uno ve que los fondos les alcanzan perfectamente\u201d.<\/p>\n<p>&nbsp;<\/p>\n<p>Mediante el texto presentado, que lleva la firma de los cinco integrantes del cuerpo: Ricardo Lorenzetti (presidente), Elena Highton, Juan Carlos Maqueda, Horacio Rosatti y Carlos Rosenkrantz, los jueces solicitaron &#8220;de manera urgente las ampliaciones solicitadas en el presupuesto de la Corte Suprema de Justicia de la Naci\u00f3n&#8221;.<\/p>\n<p>&nbsp;<\/p>\n<p>Adem\u00e1s, la carta se\u00f1ala que &#8220;en lo atinente la pol\u00edtica salarial, se le hace saber que en el presente a\u00f1o 2018 solo se ha autorizado un 10% de aumento&#8221;. &#8220;El 5% autorizado en el mes de febrero corresponde al a\u00f1o 2017 y se le autoriz\u00f3 todos los sectores estatales cuyos salarios quedaron por debajo de la inflaci\u00f3n del a\u00f1o 2017&#8221;, precis\u00f3 la Corte.<\/p>\n<p>&nbsp;<\/p>\n<p>Meses atr\u00e1s, el Ejecutivo acord\u00f3 con el m\u00e1ximo tribunal argentino ese diez por ciento de incremento en los sueldos &#8220;para todas las categor\u00edas del escalaf\u00f3n del Poder Judicial&#8221;. Al respecto, el ministro sostuvo que \u201cen la reuni\u00f3n de la ma\u00f1ana ya se hab\u00edan aclarado los fondos que ellos necesitaban por si hubiera alg\u00fan tipo de inconveniente. Por eso nos sorprendi\u00f3 la nota. A lo mejor hubo alg\u00fan problema de comunicaci\u00f3n\u201d, manifest\u00f3 en la entrevista.<\/p>\n<p>&nbsp;<\/p>\n<p>\u201cNosotros estamos reuni\u00e9ndonos mensualmente con el Jefe de Gabinete con la Corte y esperamos que en la pr\u00f3xima reuni\u00f3n que tengamos institucional como las que venimos teniendo se pueda aclarar este tema sin inconvenientes. Yo incluso a la noche habl\u00e9 tambi\u00e9n con el ministro Dujovne que tambi\u00e9n estaba al tanto de la reuni\u00f3n que hab\u00edan tenido a la ma\u00f1ana funcionarios de su \u00e1rea con funcionarios de la Corte y en donde esto que surge en la nota no hab\u00eda surgido en la reuni\u00f3n\u201d explic\u00f3.<\/p>\n<p>&nbsp;<\/p>\n<p>En ese sentido, desestim\u00f3 un posible conflicto. &#8220;Esperemos que sea simplemente alg\u00fan desacople de informaci\u00f3n no m\u00e1s\u201d, concluy\u00f3.<\/p>\n","protected":false},"excerpt":{"rendered":"<p>El ministro de Justicia opin\u00f3 sobre el pedido de mayor presupuesto de la Corte Suprema de Justicia y sostuvo que probablemente sea \u201cun desacople de informaci\u00f3n\u201d &nbsp; &nbsp; &nbsp; &nbsp; Luego de que la Corte Suprema de Justicia le reclamara al jefe de Gabinete Marcos Pe\u00f1a la actualizaci\u00f3n de las partidas presupuestarias que recibe por parte del Gobierno para poder funcionar, el ministro de Justicia, Germ\u00e1n Garavano, se mostr\u00f3 \u201csorprendido\u201d y dijo que \u201clos fondos alcanzan perfectamente\u201d. &nbsp; \u201cEstuve hablando ayer con el presidente de la Corte y el administrador&#8230;<\/p>\n","protected":false},"author":3,"featured_media":29429,"comment_status":"closed","ping_status":"closed","sticky":false,"template":"","format":"standard","meta":[],"categories":[18],"tags":[],"_links":{"self":[{"href":"https:\/\/www.actualidadadiario.com\/index.php\/wp-json\/wp\/v2\/posts\/29428"}],"collection":[{"href":"https:\/\/www.actualidadadiario.com\/index.php\/wp-json\/wp\/v2\/posts"}],"about":[{"href":"https:\/\/www.actualidadadiario.com\/index.php\/wp-json\/wp\/v2\/types\/post"}],"author":[{"embeddable":true,"href":"https:\/\/www.actualidadadiario.com\/index.php\/wp-json\/wp\/v2\/users\/3"}],"replies":[{"embeddable":true,"href":"https:\/\/www.actualidadadiario.com\/index.php\/wp-json\/wp\/v2\/comments?post=29428"}],"version-history":[{"count":1,"href":"https:\/\/www.actualidadadiario.com\/index.php\/wp-json\/wp\/v2\/posts\/29428\/revisions"}],"predecessor-version":[{"id":29430,"href":"https:\/\/www.actualidadadiario.com\/index.php\/wp-json\/wp\/v2\/posts\/29428\/revisions\/29430"}],"wp:featuredmedia":[{"embeddable":true,"href":"https:\/\/www.actualidadadiario.com\/index.php\/wp-json\/wp\/v2\/media\/29429"}],"wp:attachment":[{"href":"https:\/\/www.actualidadadiario.com\/index.php\/wp-json\/wp\/v2\/media?parent=29428"}],"wp:term":[{"taxonomy":"category","embeddable":true,"href":"https:\/\/www.actualidadadiario.com\/index.php\/wp-json\/wp\/v2\/categories?post=29428"},{"taxonomy":"post_tag","embeddable":true,"href":"https:\/\/www.actualidadadiario.com\/index.php\/wp-json\/wp\/v2\/tags?post=29428"}],"curies":[{"name":"wp","href":"https:\/\/api.w.org\/{rel}","templated":true}]}}