{"id":29425,"date":"2018-06-30T12:29:22","date_gmt":"2018-06-30T15:29:22","guid":{"rendered":"https:\/\/www.actualidadadiario.com\/?p=29425"},"modified":"2018-11-06T19:42:45","modified_gmt":"2018-11-06T22:42:45","slug":"otro-genocida-suelto-le-dieron-domiciliaria-a-luis-falco-el-apropiador-de-juan-cabandie","status":"publish","type":"post","link":"https:\/\/www.actualidadadiario.com\/index.php\/2018\/06\/30\/otro-genocida-suelto-le-dieron-domiciliaria-a-luis-falco-el-apropiador-de-juan-cabandie\/","title":{"rendered":"Otro genocida suelto: le dieron domiciliaria a Luis Falco, el apropiador de Juan Cabandi\u00e9"},"content":{"rendered":"<p><em><strong>Lo dispuso Servini de Cubr\u00eda. El represor cumpli\u00f3 apenas la mitad de su pena en una unidad penitenciara. Fuerte rechazo de Abuelas e HIJOS<\/strong><\/em><\/p>\n<p>&nbsp;<\/p>\n<p>&nbsp;<\/p>\n<p>&nbsp;<\/p>\n<p>El Juzgado Criminal y Correccional Federal Nro. 1, a cargo de Mar\u00eda Servini de Cubr\u00eda, quien otorg\u00f3 la prisi\u00f3n domiciliaria al represor Luis Antonio Falco, condenado por la apropiaci\u00f3n del diputado nacional Juan Cabandi\u00e9.<\/p>\n<p>&nbsp;<\/p>\n<p>Falco hab\u00eda sido sentenciado a 18 a\u00f1os de prisi\u00f3n, pero luego la C\u00e1mara Federal redujo la pena a 14 a\u00f1os. Durante el juicio pudo probarse que fue Personal Civil de Inteligencia de la Polic\u00eda Federal, por lo que contaba con documentos falsos, lo que incrementa el riesgo de que se fugue.<\/p>\n<p>&nbsp;<\/p>\n<p>&#8220;A pesar de que Juan logr\u00f3 restituir su identidad en 2004, e iniciar el juicio por su apropiaci\u00f3n, Falco reci\u00e9n fue detenido en 2011, cuando se le dict\u00f3 condena. En este sentido, el represor, apenas cumpli\u00f3 la mitad de la pena en una unidad penitenciaria&#8221;, recordaron las Abuelas de Plaza de Mayo.<\/p>\n<p>&nbsp;<\/p>\n<p>&#8220;Las Abuelas rechazamos este tipo de decisiones, que convierten la prisi\u00f3n domiciliaria, cada vez m\u00e1s en un privilegio para los represores, y menos en una excepcionalidad. Apelaremos esta medida convencidas de que el \u00fanico lugar para los genocidas es la c\u00e1rcel com\u00fan&#8221;, agreg\u00f3 la agrupaci\u00f3n.<\/p>\n<p>&nbsp;<\/p>\n<p>En tanto, HIJOS tambi\u00e9n manifest\u00f3 su repudio a la decisi\u00f3n judicial y se\u00f1al\u00f3: &#8220;Las afecciones card\u00edacas de Falco pueden ser tratadas en el hospital de la unidad penitenciaria. Por eso, Servini de Cubr\u00eda no hace m\u00e1s que otorgar un beneficio a quien deber\u00eda cumplir su condena en una c\u00e1rcel com\u00fan, el \u00fanico lugar para un genocida&#8221;.<\/p>\n<p>&nbsp;<\/p>\n<p>Bajo esos argumentos de afecciones card\u00edacas y de que ha superado los 70 a\u00f1os, la jueza le otorg\u00f3 la prisi\u00f3n domiciliaria en el barrio cerrado \u201cLos Potrillos\u201d, ubicado en Ruta 8, km. 62, F\u00e1tima, Provincia de Buenos Aires.<\/p>\n<p>&nbsp;<\/p>\n<p>&#8220;El privilegio al que acaba de acceder Falco resulta a\u00fan m\u00e1s irrazonable, al ser otorgado en un barrio cerrado en el que las fuerzas de seguridad deber\u00edan anunciar su visita a la seguridad privada, para controlar el cumplimiento efectivo de la condena&#8221;, expresaron las Abuelas.<\/p>\n","protected":false},"excerpt":{"rendered":"<p>Lo dispuso Servini de Cubr\u00eda. El represor cumpli\u00f3 apenas la mitad de su pena en una unidad penitenciara. Fuerte rechazo de Abuelas e HIJOS &nbsp; &nbsp; &nbsp; El Juzgado Criminal y Correccional Federal Nro. 1, a cargo de Mar\u00eda Servini de Cubr\u00eda, quien otorg\u00f3 la prisi\u00f3n domiciliaria al represor Luis Antonio Falco, condenado por la apropiaci\u00f3n del diputado nacional Juan Cabandi\u00e9. &nbsp; Falco hab\u00eda sido sentenciado a 18 a\u00f1os de prisi\u00f3n, pero luego la C\u00e1mara Federal redujo la pena a 14 a\u00f1os. Durante el juicio pudo probarse que fue Personal&#8230;<\/p>\n","protected":false},"author":3,"featured_media":29426,"comment_status":"closed","ping_status":"closed","sticky":false,"template":"","format":"standard","meta":[],"categories":[18],"tags":[],"_links":{"self":[{"href":"https:\/\/www.actualidadadiario.com\/index.php\/wp-json\/wp\/v2\/posts\/29425"}],"collection":[{"href":"https:\/\/www.actualidadadiario.com\/index.php\/wp-json\/wp\/v2\/posts"}],"about":[{"href":"https:\/\/www.actualidadadiario.com\/index.php\/wp-json\/wp\/v2\/types\/post"}],"author":[{"embeddable":true,"href":"https:\/\/www.actualidadadiario.com\/index.php\/wp-json\/wp\/v2\/users\/3"}],"replies":[{"embeddable":true,"href":"https:\/\/www.actualidadadiario.com\/index.php\/wp-json\/wp\/v2\/comments?post=29425"}],"version-history":[{"count":1,"href":"https:\/\/www.actualidadadiario.com\/index.php\/wp-json\/wp\/v2\/posts\/29425\/revisions"}],"predecessor-version":[{"id":29427,"href":"https:\/\/www.actualidadadiario.com\/index.php\/wp-json\/wp\/v2\/posts\/29425\/revisions\/29427"}],"wp:featuredmedia":[{"embeddable":true,"href":"https:\/\/www.actualidadadiario.com\/index.php\/wp-json\/wp\/v2\/media\/29426"}],"wp:attachment":[{"href":"https:\/\/www.actualidadadiario.com\/index.php\/wp-json\/wp\/v2\/media?parent=29425"}],"wp:term":[{"taxonomy":"category","embeddable":true,"href":"https:\/\/www.actualidadadiario.com\/index.php\/wp-json\/wp\/v2\/categories?post=29425"},{"taxonomy":"post_tag","embeddable":true,"href":"https:\/\/www.actualidadadiario.com\/index.php\/wp-json\/wp\/v2\/tags?post=29425"}],"curies":[{"name":"wp","href":"https:\/\/api.w.org\/{rel}","templated":true}]}}