{"id":29422,"date":"2018-06-30T12:28:39","date_gmt":"2018-06-30T15:28:39","guid":{"rendered":"https:\/\/www.actualidadadiario.com\/?p=29422"},"modified":"2018-11-06T19:42:45","modified_gmt":"2018-11-06T22:42:45","slug":"macri-prometio-mas-ajuste-esta-vez-la-argentina-va-a-cumplir","status":"publish","type":"post","link":"https:\/\/www.actualidadadiario.com\/index.php\/2018\/06\/30\/macri-prometio-mas-ajuste-esta-vez-la-argentina-va-a-cumplir\/","title":{"rendered":"Macri prometi\u00f3 m\u00e1s ajuste: &#8220;Esta vez, la Argentina va a cumplir&#8221;"},"content":{"rendered":"<p><em><strong>El presidente le envi\u00f3 un mensaje al mercado financiero. Asegur\u00f3 que el Gobierno no se desviar\u00e1 en su plan de &#8220;achicar el d\u00e9ficit fiscal&#8221;<\/strong><\/em><\/p>\n<p>&nbsp;<\/p>\n<p>&nbsp;<\/p>\n<p>&nbsp;<\/p>\n<p>Tras la nueva disparada del d\u00f3lar, el presidente Mauricio Macri envi\u00f3 hoy un mensaje al mercado financiero y asegur\u00f3 que el Gobierno no se desviar\u00e1 en su plan de &#8220;achicar el d\u00e9ficit fiscal&#8221;.<\/p>\n<p>&nbsp;<\/p>\n<p>&#8220;\u00c9sta vez la Argentina va a cumplir&#8221;, subray\u00f3 Macri junto al gobernador peronista de Entre R\u00edos, Gustavo Bordet, en la ciudad de Basavilvaso.<\/p>\n<p>&nbsp;<\/p>\n<p>El jefe de Estado destac\u00f3 el compromiso asumido por su administraci\u00f3n para reducir el abultado rojo fiscal y se\u00f1al\u00f3 que esta iniciativa cuenta con el apoyo de mandatarios oficialistas y opositores.<\/p>\n<p>&nbsp;<\/p>\n<p>&#8220;Cuando prometemos que vamos a achicar el problema del d\u00e9ficit, que el mundo, los mercados lo discuten, les decimos \u00b4s\u00ed, lo vamos hacer\u00b4&#8221;, afirm\u00f3 el Presidente durante un acto que encabez\u00f3 con la presencia de los ministros de Interior, y Obras P\u00fablica, Rogelio Frigerio; de Agroindustria, Luis Etchevehere; el secretario general de la Presidencia; Fernando de Andreis y el intendente local, Gustavo Hein.<\/p>\n<p>&nbsp;<\/p>\n<p>El mandatario ratific\u00f3 que el Gobierno decidi\u00f3 &#8220;un cambio profundo&#8221;, pero aclar\u00f3 que el camino emprendido &#8220;no significa que no tendr\u00e1 obst\u00e1culos, porque el mundo est\u00e1 alborotado&#8221; y el pa\u00eds &#8220;tiene que resolver problemas estructurales del pasado&#8221;.<\/p>\n","protected":false},"excerpt":{"rendered":"<p>El presidente le envi\u00f3 un mensaje al mercado financiero. Asegur\u00f3 que el Gobierno no se desviar\u00e1 en su plan de &#8220;achicar el d\u00e9ficit fiscal&#8221; &nbsp; &nbsp; &nbsp; Tras la nueva disparada del d\u00f3lar, el presidente Mauricio Macri envi\u00f3 hoy un mensaje al mercado financiero y asegur\u00f3 que el Gobierno no se desviar\u00e1 en su plan de &#8220;achicar el d\u00e9ficit fiscal&#8221;. &nbsp; &#8220;\u00c9sta vez la Argentina va a cumplir&#8221;, subray\u00f3 Macri junto al gobernador peronista de Entre R\u00edos, Gustavo Bordet, en la ciudad de Basavilvaso. &nbsp; El jefe de Estado destac\u00f3&#8230;<\/p>\n","protected":false},"author":3,"featured_media":29423,"comment_status":"closed","ping_status":"closed","sticky":false,"template":"","format":"standard","meta":[],"categories":[18],"tags":[],"_links":{"self":[{"href":"https:\/\/www.actualidadadiario.com\/index.php\/wp-json\/wp\/v2\/posts\/29422"}],"collection":[{"href":"https:\/\/www.actualidadadiario.com\/index.php\/wp-json\/wp\/v2\/posts"}],"about":[{"href":"https:\/\/www.actualidadadiario.com\/index.php\/wp-json\/wp\/v2\/types\/post"}],"author":[{"embeddable":true,"href":"https:\/\/www.actualidadadiario.com\/index.php\/wp-json\/wp\/v2\/users\/3"}],"replies":[{"embeddable":true,"href":"https:\/\/www.actualidadadiario.com\/index.php\/wp-json\/wp\/v2\/comments?post=29422"}],"version-history":[{"count":1,"href":"https:\/\/www.actualidadadiario.com\/index.php\/wp-json\/wp\/v2\/posts\/29422\/revisions"}],"predecessor-version":[{"id":29424,"href":"https:\/\/www.actualidadadiario.com\/index.php\/wp-json\/wp\/v2\/posts\/29422\/revisions\/29424"}],"wp:featuredmedia":[{"embeddable":true,"href":"https:\/\/www.actualidadadiario.com\/index.php\/wp-json\/wp\/v2\/media\/29423"}],"wp:attachment":[{"href":"https:\/\/www.actualidadadiario.com\/index.php\/wp-json\/wp\/v2\/media?parent=29422"}],"wp:term":[{"taxonomy":"category","embeddable":true,"href":"https:\/\/www.actualidadadiario.com\/index.php\/wp-json\/wp\/v2\/categories?post=29422"},{"taxonomy":"post_tag","embeddable":true,"href":"https:\/\/www.actualidadadiario.com\/index.php\/wp-json\/wp\/v2\/tags?post=29422"}],"curies":[{"name":"wp","href":"https:\/\/api.w.org\/{rel}","templated":true}]}}