{"id":2942,"date":"2016-10-19T10:09:27","date_gmt":"2016-10-19T13:09:27","guid":{"rendered":"http:\/\/actualidadadiario.com\/site\/?p=2942"},"modified":"2016-10-19T10:09:27","modified_gmt":"2016-10-19T13:09:27","slug":"el-paro-de-mujeres-se-hara-sentir-en-entre-rios","status":"publish","type":"post","link":"https:\/\/www.actualidadadiario.com\/index.php\/2016\/10\/19\/el-paro-de-mujeres-se-hara-sentir-en-entre-rios\/","title":{"rendered":"El paro de mujeres se har\u00e1 sentir en Entre R\u00edos"},"content":{"rendered":"<p><em><strong>Mujeres de todo el pa\u00eds parar\u00e1n entre las 13 y las 14, ser\u00e1 para repudiar la violencia, los femicidios, la trata y abusos. En Entre R\u00edos habr\u00e1 concentraciones en Paran\u00e1, Concordia, Concepci\u00f3n del Uruguay, Villaguay y Gualeguaych\u00fa<\/strong><\/em><\/p>\n<p>&nbsp;<\/p>\n<p>&nbsp;<\/p>\n<p>&nbsp;<\/p>\n<p>&nbsp;<\/p>\n<p>Este mi\u00e9rcoles se llevar\u00e1 a cabo en todo el pa\u00eds el paro de mujeres en rechazo a la violencia de g\u00e9nero y para exigir justicia por los femicidios. La iniciativa, in\u00e9dita en el pa\u00eds, surgi\u00f3 a partir del crimen de Luc\u00eda P\u00e9rez, la adolescente de 16 a\u00f1os violada y asesinada en Mar del Plata la semana pasada.<\/p>\n<p>La convocatoria la realiz\u00f3 el colectivo de mujeres Ni Una Menos -junto a otras 50 organizaciones sociales, pol\u00edticas y de g\u00e9nero- que instaron a las mujeres a suspender todo tipo de actividad durante una hora, entre las 13 y las 14. A las 17 est\u00e1 prevista una concentraci\u00f3n en el Obelisco, que desembocar\u00e1 en una marcha a la Plaza de Mayo.<\/p>\n<p>&#8220;En tu oficina, escuela, hospital, juzgado, redacci\u00f3n, tienda, f\u00e1brica o donde est\u00e9s produciendo, par\u00e1 una hora para exigir &#8216;Basta de violencia machista, vivas nos queremos'&#8221;, dice la convocatoria que circula en las redes sociales.<\/p>\n<p>En Entre R\u00edos el paro de mujeres se har\u00e1 sentir en las principales ciudades. En la capital entrerriana habr\u00e1 una concentraci\u00f3n a las 17 en la Plaza 1\u00ba de Mayo. Gualeguaych\u00fa, Concordia, Concepci\u00f3n del Uruguay y Villaguay son otras localidades donde se realizar\u00e1n actividades para repudiar toda forma de violencia y condenar los femicidios, la trata de personas, los abusos y las violaciones.<\/p>\n<p>Los gremios que convocaron al paro de mujeres son la Asociaci\u00f3n Gremial del Magisterio de Entre R\u00edos (Agmer), la Asociaci\u00f3n de Trabajadores del Estado (ATE), la CTA Aut\u00f3noma, la Asociaci\u00f3n Gremial de Docentes Universitarios de Entre R\u00edos (AGDU), la Asociaci\u00f3n de Personal no docente de la Universidad Nacional de Entre R\u00edos (Apuner) y el C\u00edrculo de Mujeres Periodistas del Sindicato Entrerriano de Trabajadores de Prensa y Comunicaci\u00f3n (Setpyc), entre otros.<\/p>\n","protected":false},"excerpt":{"rendered":"<p>Mujeres de todo el pa\u00eds parar\u00e1n entre las 13 y las 14, ser\u00e1 para repudiar la violencia, los femicidios, la trata y abusos. En Entre R\u00edos habr\u00e1 concentraciones en Paran\u00e1, Concordia, Concepci\u00f3n del Uruguay, Villaguay y Gualeguaych\u00fa &nbsp; &nbsp; &nbsp; &nbsp; Este mi\u00e9rcoles se llevar\u00e1 a cabo en todo el pa\u00eds el paro de mujeres en rechazo a la violencia de g\u00e9nero y para exigir justicia por los femicidios. La iniciativa, in\u00e9dita en el pa\u00eds, surgi\u00f3 a partir del crimen de Luc\u00eda P\u00e9rez, la adolescente de 16 a\u00f1os violada y&#8230;<\/p>\n","protected":false},"author":3,"featured_media":2943,"comment_status":"closed","ping_status":"closed","sticky":false,"template":"","format":"standard","meta":[],"categories":[9],"tags":[],"_links":{"self":[{"href":"https:\/\/www.actualidadadiario.com\/index.php\/wp-json\/wp\/v2\/posts\/2942"}],"collection":[{"href":"https:\/\/www.actualidadadiario.com\/index.php\/wp-json\/wp\/v2\/posts"}],"about":[{"href":"https:\/\/www.actualidadadiario.com\/index.php\/wp-json\/wp\/v2\/types\/post"}],"author":[{"embeddable":true,"href":"https:\/\/www.actualidadadiario.com\/index.php\/wp-json\/wp\/v2\/users\/3"}],"replies":[{"embeddable":true,"href":"https:\/\/www.actualidadadiario.com\/index.php\/wp-json\/wp\/v2\/comments?post=2942"}],"version-history":[{"count":1,"href":"https:\/\/www.actualidadadiario.com\/index.php\/wp-json\/wp\/v2\/posts\/2942\/revisions"}],"predecessor-version":[{"id":2944,"href":"https:\/\/www.actualidadadiario.com\/index.php\/wp-json\/wp\/v2\/posts\/2942\/revisions\/2944"}],"wp:featuredmedia":[{"embeddable":true,"href":"https:\/\/www.actualidadadiario.com\/index.php\/wp-json\/wp\/v2\/media\/2943"}],"wp:attachment":[{"href":"https:\/\/www.actualidadadiario.com\/index.php\/wp-json\/wp\/v2\/media?parent=2942"}],"wp:term":[{"taxonomy":"category","embeddable":true,"href":"https:\/\/www.actualidadadiario.com\/index.php\/wp-json\/wp\/v2\/categories?post=2942"},{"taxonomy":"post_tag","embeddable":true,"href":"https:\/\/www.actualidadadiario.com\/index.php\/wp-json\/wp\/v2\/tags?post=2942"}],"curies":[{"name":"wp","href":"https:\/\/api.w.org\/{rel}","templated":true}]}}