{"id":29406,"date":"2018-06-30T12:24:04","date_gmt":"2018-06-30T15:24:04","guid":{"rendered":"https:\/\/www.actualidadadiario.com\/?p=29406"},"modified":"2018-11-06T19:42:45","modified_gmt":"2018-11-06T22:42:45","slug":"la-actividad-industrial-bajo-12-en-mayo","status":"publish","type":"post","link":"https:\/\/www.actualidadadiario.com\/index.php\/2018\/06\/30\/la-actividad-industrial-bajo-12-en-mayo\/","title":{"rendered":"La actividad industrial baj\u00f3 1,2% en mayo"},"content":{"rendered":"<p><em><strong>Tras un a\u00f1o seguido de aumentos consecutivos, la actividad industrial de mayo registr\u00f3 una ca\u00edda de 1,2% en comparaci\u00f3n con igual per\u00edodo de 2017, inform\u00f3 hoy el INDEC<\/strong><\/em><\/p>\n<p>&nbsp;<\/p>\n<p>&nbsp;<\/p>\n<p>&nbsp;<\/p>\n<p>&nbsp;<\/p>\n<p>Por ahora, la variaci\u00f3n interanual acumulada de los primeros cinco meses del a\u00f1o muestra un aumento de 2,4% respecto del mismo per\u00edodo del 2017, de acuerdo con la estad\u00edstica p\u00fablica.<\/p>\n<p>&nbsp;<\/p>\n<p>En los primeros cinco meses se registraron los siguientes resultados en la actividad: enero tuvo un crecimiento del 2,6%; febrero del 5,3%; marzo, 1,2%; abril, 3,4% y mayo quebr\u00f3 la tendencia con una ca\u00edda del 1,2%.<\/p>\n<p>&nbsp;<\/p>\n<p>Las estad\u00edsticas privadas tambi\u00e9n reflejan la ca\u00edda en la actividad: el Centro de Estudios Econ\u00f3micos de Orlando Ferreres inform\u00f3 sobre una baja del 3,3% en mayo y para FIEL la retracci\u00f3n fue menor ya que se ubic\u00f3 en 0,9%.<\/p>\n<p>&nbsp;<\/p>\n<p>En mayo, seg\u00fan el INDEC, las ca\u00eddas m\u00e1s fuertes las registraron: la industria textil (8,6%); la elaboraci\u00f3n de sustancias y productos qu\u00edmicos (6,4%), la metalmec\u00e1nica excluida la industria automotriz (4,6%), la refinaci\u00f3n del petr\u00f3leo (3,9%), la industria alimenticia (1,9%) y los productos de caucho y pl\u00e1stico (0,9%).<\/p>\n<p>&nbsp;<\/p>\n<p>Por el contrario, se registran subas en la industria del tabaco (9,5%), las met\u00e1licas b\u00e1sicas (8,6%), la producci\u00f3n automotriz (7,2%), el bloque de papel y cart\u00f3n (6,6%), minerales no met\u00e1licos (5,5%) y la edici\u00f3n e impresi\u00f3n (1,2%).<\/p>\n<p>&nbsp;<\/p>\n<p>Dentro de la industria alimenticia, la producci\u00f3n de carnes rojas registra un aumento en mayo de 6,7% respecto del mismo mes del a\u00f1o anterior y acumula en los primeros cinco meses de 2018 una suba de 10,1% contra igual per\u00edodo de 2017.<\/p>\n<p>&nbsp;<\/p>\n<p>La producci\u00f3n de carnes blancas verific\u00f3 una disminuci\u00f3n en mayo de 3,4% en comparaci\u00f3n con igual mes del a\u00f1o anterior, indic\u00f3 el organismo.<\/p>\n<p>Inform\u00f3 que la elaboraci\u00f3n de aceite y subproductos de soja experiment\u00f3 una baja de 20,1% en la medici\u00f3n interanual, mientras que la de aceite y subproductos de girasol muestra un aumento de 12,1%.<\/p>\n<p>&nbsp;<\/p>\n<p>La molienda de cereales y oleaginosas registr\u00f3 en mayo una disminuci\u00f3n de 11,7% respecto del mismo mes del a\u00f1o anterior y acumula en los cinco primeros meses del a\u00f1o 2018 una ca\u00edda de 9,7% respecto del mismo per\u00edodo del a\u00f1o anterior.<\/p>\n<p>&nbsp;<\/p>\n<p>El bloque\u00a0 de productos minerales no met\u00e1licos registra subas de 5,5% en mayo de 2018 y de 9,2% en los primeros cinco meses de 2018, en comparaci\u00f3n con los mismos per\u00edodos del a\u00f1o anterior.<\/p>\n<p>&nbsp;<\/p>\n<p>Junto con el informe, el organismo difunde una encuesta cualitativa, la cual tambi\u00e9n arroj\u00f3 resultados preocupantes, ya que el 75,9% de los industriales consultados no espera cambios en la dotaci\u00f3n del personal, pero casi el 16% anticipa una disminuci\u00f3n.<\/p>\n<p>&nbsp;<\/p>\n<p>Respecto a la demanda interna, 50,4% de las empresas anticipa un ritmo estable para el per\u00edodo junio-agosto; 35,3% prev\u00e9 una baja; 14,3% espera un aumento.<\/p>\n<p>&nbsp;<\/p>\n<p>Entre las firmas exportadoras, el 52% no anticipa cambios en sus ventas totales; 33,5% espera una suba; 14,5% vislumbra una disminuci\u00f3n.<\/p>\n","protected":false},"excerpt":{"rendered":"<p>Tras un a\u00f1o seguido de aumentos consecutivos, la actividad industrial de mayo registr\u00f3 una ca\u00edda de 1,2% en comparaci\u00f3n con igual per\u00edodo de 2017, inform\u00f3 hoy el INDEC &nbsp; &nbsp; &nbsp; &nbsp; Por ahora, la variaci\u00f3n interanual acumulada de los primeros cinco meses del a\u00f1o muestra un aumento de 2,4% respecto del mismo per\u00edodo del 2017, de acuerdo con la estad\u00edstica p\u00fablica. &nbsp; En los primeros cinco meses se registraron los siguientes resultados en la actividad: enero tuvo un crecimiento del 2,6%; febrero del 5,3%; marzo, 1,2%; abril, 3,4% y&#8230;<\/p>\n","protected":false},"author":3,"featured_media":29407,"comment_status":"closed","ping_status":"closed","sticky":false,"template":"","format":"standard","meta":[],"categories":[2],"tags":[],"_links":{"self":[{"href":"https:\/\/www.actualidadadiario.com\/index.php\/wp-json\/wp\/v2\/posts\/29406"}],"collection":[{"href":"https:\/\/www.actualidadadiario.com\/index.php\/wp-json\/wp\/v2\/posts"}],"about":[{"href":"https:\/\/www.actualidadadiario.com\/index.php\/wp-json\/wp\/v2\/types\/post"}],"author":[{"embeddable":true,"href":"https:\/\/www.actualidadadiario.com\/index.php\/wp-json\/wp\/v2\/users\/3"}],"replies":[{"embeddable":true,"href":"https:\/\/www.actualidadadiario.com\/index.php\/wp-json\/wp\/v2\/comments?post=29406"}],"version-history":[{"count":1,"href":"https:\/\/www.actualidadadiario.com\/index.php\/wp-json\/wp\/v2\/posts\/29406\/revisions"}],"predecessor-version":[{"id":29408,"href":"https:\/\/www.actualidadadiario.com\/index.php\/wp-json\/wp\/v2\/posts\/29406\/revisions\/29408"}],"wp:featuredmedia":[{"embeddable":true,"href":"https:\/\/www.actualidadadiario.com\/index.php\/wp-json\/wp\/v2\/media\/29407"}],"wp:attachment":[{"href":"https:\/\/www.actualidadadiario.com\/index.php\/wp-json\/wp\/v2\/media?parent=29406"}],"wp:term":[{"taxonomy":"category","embeddable":true,"href":"https:\/\/www.actualidadadiario.com\/index.php\/wp-json\/wp\/v2\/categories?post=29406"},{"taxonomy":"post_tag","embeddable":true,"href":"https:\/\/www.actualidadadiario.com\/index.php\/wp-json\/wp\/v2\/tags?post=29406"}],"curies":[{"name":"wp","href":"https:\/\/api.w.org\/{rel}","templated":true}]}}