{"id":29403,"date":"2018-06-30T12:22:52","date_gmt":"2018-06-30T15:22:52","guid":{"rendered":"https:\/\/www.actualidadadiario.com\/?p=29403"},"modified":"2018-11-06T19:42:45","modified_gmt":"2018-11-06T22:42:45","slug":"urribarri-encabezo-un-encuentro-junto-a-tomada-sileoni-y-feletti","status":"publish","type":"post","link":"https:\/\/www.actualidadadiario.com\/index.php\/2018\/06\/30\/urribarri-encabezo-un-encuentro-junto-a-tomada-sileoni-y-feletti\/","title":{"rendered":"Urribarri encabez\u00f3 un encuentro junto a Tomada, Sileoni y Feletti"},"content":{"rendered":"<p><em><strong>Fue este viernes en Concordia en el marco de la conmemoraci\u00f3n de un nuevo aniversario de la Declaraci\u00f3n de la Independencia de 1815. \u201cEstamos aqu\u00ed los militantes del campo nacional y popular a quienes nos inspiran la autonom\u00eda, la firmeza y la decisi\u00f3n de los l\u00edderes que enfrentaron a los que se cre\u00edan due\u00f1os de la Argentina\u201d, afirm\u00f3<\/strong><\/em><\/p>\n<p>&nbsp;<\/p>\n<p>&nbsp;<\/p>\n<p>&nbsp;<\/p>\n<p>Bajo la consigna \u201cVolvamos a creer\u201d, Roberto Feletti, Carlos Tomada, Alberto Sileoni y Oscar Trotta disertaron este viernes en Concordia sobre la situaci\u00f3n nacional actual.<\/p>\n<p>&nbsp;<\/p>\n<p>Sergio Urribarri fue quien se encarg\u00f3 de la apertura del evento y de dar la bienvenida a los invitados. En ese marco destac\u00f3 sus gestiones al frente de cada \u00e1rea de gobierno. Tambi\u00e9n agradeci\u00f3 la presencia de los diputados nacionales Julio Solanas y Juan Manuel Huss, de los ex legisladores Lautaro Gervasoni y Jorge Barreto; de la Agrupaci\u00f3n 29 de Junio que estuvo a cargo de la organizaci\u00f3n, y de todos los militantes de diversas localidades que asistieron al encuentro.<\/p>\n<p>&nbsp;<\/p>\n<p>El presidente de la C\u00e1mara de Diputados traz\u00f3 un paralelismo hist\u00f3rico entre la gesta revolucionaria artiguista y la actualidad. \u201cDesde los inicios de la historia cada vez que el centralismo porte\u00f1o se aline\u00f3 con potencias dominantes, los pueblos del mal llamado interior fueron condenadas a muerte. Esto est\u00e1 sucediendo desgraciadamente ahora\u201d, manifest\u00f3.<\/p>\n<p>&nbsp;<\/p>\n<p>Tambi\u00e9n inst\u00f3 a seguir trabajando \u201ccon unidad, memoria y militancia\u201d. \u201cEstamos aqu\u00ed los militantes del campo nacional y popular a quienes nos inspiran la autonom\u00eda, la firmeza y la decisi\u00f3n de los l\u00edderes que enfrentaron a los que se cre\u00edan due\u00f1os de la Argentina\u201d, afirm\u00f3.<\/p>\n<p>&nbsp;<\/p>\n<p>Previamente a las palabras del ex mandatario, Francisco Senegaglia realiz\u00f3, a modo de homenaje, un breve relato hist\u00f3rico sobre la figura de Artigas. \u201cLa historia es memoria e identidad y nosotros nos reconocemos en la Liga de los Pueblos Libres y en la igualdad por definici\u00f3n, por eso en este presente denunciamos al imperio como lo hac\u00eda Artigas\u201d, expres\u00f3.<\/p>\n<p>&nbsp;<\/p>\n<p>&nbsp;<\/p>\n<p><strong>Presencias<\/strong><\/p>\n<p>El ex ministro de Educaci\u00f3n de la Naci\u00f3n, Alberto Sileoni, agradeci\u00f3 a Urribarri por la invitaci\u00f3n y valor\u00f3 la \u201csabidur\u00eda del intercambio\u201d con los compa\u00f1eros. \u201cLa lucha no es en soledad, es entre todos, y hay que pensar para adelante con humildad\u201d, se\u00f1al\u00f3 y remarc\u00f3 que el neoliberalismo \u201caborrece la igualdad\u201d y conduce a \u201cuna sociedad jer\u00e1rquica, en donde no todos tengan las mismas posibilidades y con una pedagog\u00eda cruel absolutamente en contra de los principios de cualquier ser humano\u201d.<\/p>\n<p>&nbsp;<\/p>\n<p>Por su lado, Carlos Tomada, ex ministro de Trabajo de la Naci\u00f3n y actual jefe del bloque Unidad Ciudadana en la Legislatura CABA, se refiri\u00f3 a la importancia de la memoria en tanto \u201clos sectores dominantes siempre tratan de que la experiencia del pueblo se olvide para que nunca nos podamos parar en esa experiencia y avanzar un paso m\u00e1s\u201d. Critic\u00f3 al Gobierno Nacional y convoc\u00f3 a \u201csumar pol\u00edticamente\u201d bajo el campo nacional y popular.<\/p>\n<p>&nbsp;<\/p>\n<p>El exsecretario de Pol\u00edtica Econ\u00f3mica de la Naci\u00f3n y actual secretario de Hacienda de La Matanza, Roberto Feletti, calific\u00f3 de \u201cmuy grave\u201d la situaci\u00f3n econ\u00f3mica y social actual. \u201cConvergen tensiones que no se ve\u00edan desde 2001\u201d, explic\u00f3 y en este sentido, resalt\u00f3 que la movilizaci\u00f3n popular es la que ha construido procesos a lo largo de la historia.<\/p>\n<p>&nbsp;<\/p>\n<p>Tambi\u00e9n particip\u00f3 de la jornada Oscar Trotta, director del Instituto Revisor de Pol\u00edticas Sociales y Acceso a la Salud de la Defensor\u00eda del Pueblo de la Ciudad de Buenos Aires, hizo alusi\u00f3n al retiro del Estado en la responsabilidad que le cabe en la atenci\u00f3n de la salud. \u201cTodo lo que se hizo en los gobiernos anteriores se est\u00e1 deteriorando\u201d debido a pol\u00edticas que muestran \u201cdesprecio por la vida\u201d.<\/p>\n","protected":false},"excerpt":{"rendered":"<p>Fue este viernes en Concordia en el marco de la conmemoraci\u00f3n de un nuevo aniversario de la Declaraci\u00f3n de la Independencia de 1815. \u201cEstamos aqu\u00ed los militantes del campo nacional y popular a quienes nos inspiran la autonom\u00eda, la firmeza y la decisi\u00f3n de los l\u00edderes que enfrentaron a los que se cre\u00edan due\u00f1os de la Argentina\u201d, afirm\u00f3 &nbsp; &nbsp; &nbsp; Bajo la consigna \u201cVolvamos a creer\u201d, Roberto Feletti, Carlos Tomada, Alberto Sileoni y Oscar Trotta disertaron este viernes en Concordia sobre la situaci\u00f3n nacional actual. &nbsp; Sergio Urribarri fue&#8230;<\/p>\n","protected":false},"author":3,"featured_media":29404,"comment_status":"closed","ping_status":"closed","sticky":false,"template":"","format":"standard","meta":[],"categories":[15],"tags":[],"_links":{"self":[{"href":"https:\/\/www.actualidadadiario.com\/index.php\/wp-json\/wp\/v2\/posts\/29403"}],"collection":[{"href":"https:\/\/www.actualidadadiario.com\/index.php\/wp-json\/wp\/v2\/posts"}],"about":[{"href":"https:\/\/www.actualidadadiario.com\/index.php\/wp-json\/wp\/v2\/types\/post"}],"author":[{"embeddable":true,"href":"https:\/\/www.actualidadadiario.com\/index.php\/wp-json\/wp\/v2\/users\/3"}],"replies":[{"embeddable":true,"href":"https:\/\/www.actualidadadiario.com\/index.php\/wp-json\/wp\/v2\/comments?post=29403"}],"version-history":[{"count":1,"href":"https:\/\/www.actualidadadiario.com\/index.php\/wp-json\/wp\/v2\/posts\/29403\/revisions"}],"predecessor-version":[{"id":29405,"href":"https:\/\/www.actualidadadiario.com\/index.php\/wp-json\/wp\/v2\/posts\/29403\/revisions\/29405"}],"wp:featuredmedia":[{"embeddable":true,"href":"https:\/\/www.actualidadadiario.com\/index.php\/wp-json\/wp\/v2\/media\/29404"}],"wp:attachment":[{"href":"https:\/\/www.actualidadadiario.com\/index.php\/wp-json\/wp\/v2\/media?parent=29403"}],"wp:term":[{"taxonomy":"category","embeddable":true,"href":"https:\/\/www.actualidadadiario.com\/index.php\/wp-json\/wp\/v2\/categories?post=29403"},{"taxonomy":"post_tag","embeddable":true,"href":"https:\/\/www.actualidadadiario.com\/index.php\/wp-json\/wp\/v2\/tags?post=29403"}],"curies":[{"name":"wp","href":"https:\/\/api.w.org\/{rel}","templated":true}]}}