{"id":29400,"date":"2018-06-30T12:21:53","date_gmt":"2018-06-30T15:21:53","guid":{"rendered":"https:\/\/www.actualidadadiario.com\/?p=29400"},"modified":"2018-11-06T19:42:45","modified_gmt":"2018-11-06T22:42:45","slug":"la-justicia-federal-imputo-al-concejal-de-cambiemos-en-la-causa-por-narcotrafico","status":"publish","type":"post","link":"https:\/\/www.actualidadadiario.com\/index.php\/2018\/06\/30\/la-justicia-federal-imputo-al-concejal-de-cambiemos-en-la-causa-por-narcotrafico\/","title":{"rendered":"La Justicia Federal imput\u00f3 al concejal de Cambiemos en la causa por narcotr\u00e1fico"},"content":{"rendered":"<p><em><strong>El Juez Federal Leandro R\u00edos imput\u00f3 a Emanuel Gainza (Cambiemos) en la causa por narcotr\u00e1fico y lo cit\u00f3 a prestar declaraci\u00f3n indagatoria el pr\u00f3ximo martes 3 de julio. En el expediente ya est\u00e1n procesados el intendente Sergio Varisco, el edil Pablo Hern\u00e1ndez y la funcionaria Griselda Bordeira, estos dos \u00faltimos con prisi\u00f3n preventiva<\/strong><\/em><\/p>\n<p>&nbsp;<\/p>\n<p>&nbsp;<\/p>\n<p>&nbsp;<\/p>\n<p>&nbsp;<\/p>\n<p>La citaci\u00f3n obliga a Gainza, vicepresidente del Concejo Deliberante de Paran\u00e1, a designar abogado defensor. Si no lo hace, se le asignar\u00e1 un letrado oficial que se haga cargo de su defensa. Si no asiste a la citaci\u00f3n y no cuenta con causa justificatoria, ser\u00e1 detenido, indica el decisorio del Juez R\u00edos.<\/p>\n<p>&nbsp;<\/p>\n<p>El edil ten\u00eda previsto prestar testimonial el mi\u00e9rcoles, pero el d\u00eda anterior se produjeron allanamientos dispuestos por el Magistrado en su despacho en el Concejo, su bunker partidario y su domicilio particular. A esto se sumaron declaraciones de la ex pareja del narco Daniel \u201cTavi\u201d Celis, Luciana Lemos (tambi\u00e9n imputada y detenida en la causa) que lo comprometer\u00edan seriamente de demostrarse su veracidad.<\/p>\n<p>&nbsp;<\/p>\n<p>Asimismo, R\u00edos dispuso que el mismo martes a las 11:30, Gainza sea revisado por el m\u00e9dico de C\u00e1mara, Dr. Jos\u00e9 Luis Kot, para practicar un examen mental atento a que la pena eventual que enfrentar\u00eda \u201csuperar\u00eda los 10 a\u00f1os\u201d, precisa R\u00edos en su decisorio.<\/p>\n<p>&nbsp;<\/p>\n<p>Al igual que ocurri\u00f3 con Varisco, Bordeira, Hern\u00e1ndez y el resto de los procesados, Gainza ser\u00e1 sometido tambi\u00e9n a un test para determinar si es o no adicto a alg\u00fan estupefaciente.<\/p>\n","protected":false},"excerpt":{"rendered":"<p>El Juez Federal Leandro R\u00edos imput\u00f3 a Emanuel Gainza (Cambiemos) en la causa por narcotr\u00e1fico y lo cit\u00f3 a prestar declaraci\u00f3n indagatoria el pr\u00f3ximo martes 3 de julio. En el expediente ya est\u00e1n procesados el intendente Sergio Varisco, el edil Pablo Hern\u00e1ndez y la funcionaria Griselda Bordeira, estos dos \u00faltimos con prisi\u00f3n preventiva &nbsp; &nbsp; &nbsp; &nbsp; La citaci\u00f3n obliga a Gainza, vicepresidente del Concejo Deliberante de Paran\u00e1, a designar abogado defensor. Si no lo hace, se le asignar\u00e1 un letrado oficial que se haga cargo de su defensa. Si&#8230;<\/p>\n","protected":false},"author":3,"featured_media":29401,"comment_status":"closed","ping_status":"closed","sticky":false,"template":"","format":"standard","meta":[],"categories":[9,15],"tags":[],"_links":{"self":[{"href":"https:\/\/www.actualidadadiario.com\/index.php\/wp-json\/wp\/v2\/posts\/29400"}],"collection":[{"href":"https:\/\/www.actualidadadiario.com\/index.php\/wp-json\/wp\/v2\/posts"}],"about":[{"href":"https:\/\/www.actualidadadiario.com\/index.php\/wp-json\/wp\/v2\/types\/post"}],"author":[{"embeddable":true,"href":"https:\/\/www.actualidadadiario.com\/index.php\/wp-json\/wp\/v2\/users\/3"}],"replies":[{"embeddable":true,"href":"https:\/\/www.actualidadadiario.com\/index.php\/wp-json\/wp\/v2\/comments?post=29400"}],"version-history":[{"count":1,"href":"https:\/\/www.actualidadadiario.com\/index.php\/wp-json\/wp\/v2\/posts\/29400\/revisions"}],"predecessor-version":[{"id":29402,"href":"https:\/\/www.actualidadadiario.com\/index.php\/wp-json\/wp\/v2\/posts\/29400\/revisions\/29402"}],"wp:featuredmedia":[{"embeddable":true,"href":"https:\/\/www.actualidadadiario.com\/index.php\/wp-json\/wp\/v2\/media\/29401"}],"wp:attachment":[{"href":"https:\/\/www.actualidadadiario.com\/index.php\/wp-json\/wp\/v2\/media?parent=29400"}],"wp:term":[{"taxonomy":"category","embeddable":true,"href":"https:\/\/www.actualidadadiario.com\/index.php\/wp-json\/wp\/v2\/categories?post=29400"},{"taxonomy":"post_tag","embeddable":true,"href":"https:\/\/www.actualidadadiario.com\/index.php\/wp-json\/wp\/v2\/tags?post=29400"}],"curies":[{"name":"wp","href":"https:\/\/api.w.org\/{rel}","templated":true}]}}