{"id":29398,"date":"2018-06-30T12:19:51","date_gmt":"2018-06-30T15:19:51","guid":{"rendered":"https:\/\/www.actualidadadiario.com\/?p=29398"},"modified":"2018-11-06T19:42:45","modified_gmt":"2018-11-06T22:42:45","slug":"bordet-la-mejor-manera-de-homenajear-a-artigas-es-ejerciendo-el-federalismo-como-lo-estamos-haciendo","status":"publish","type":"post","link":"https:\/\/www.actualidadadiario.com\/index.php\/2018\/06\/30\/bordet-la-mejor-manera-de-homenajear-a-artigas-es-ejerciendo-el-federalismo-como-lo-estamos-haciendo\/","title":{"rendered":"Bordet: \u201cLa mejor manera de homenajear a Artigas es ejerciendo el federalismo como lo estamos haciendo&#8221;"},"content":{"rendered":"<p><em><strong>Al cumplirse en la fecha un nuevo aniversario de la independencia artiguista de 1815, el gobernador Gustavo Bordet sostuvo que \u201cla mejor manera de homenajear a Artigas es ejerciendo el federalismo como lo estamos haciendo en Entre R\u00edos\u201d<\/strong><\/em><\/p>\n<p>&nbsp;<\/p>\n<p>&nbsp;<\/p>\n<p>&nbsp;<\/p>\n<p>&nbsp;<\/p>\n<p>Al cumplirse en la fecha un nuevo aniversario de la independencia artiguista de 1815, el gobernador Gustavo Bordet sostuvo que \u201cla mejor manera de homenajear a Artigas es ejerciendo el federalismo como lo estamos haciendo en Entre R\u00edos, trabajando d\u00eda a d\u00eda para recuperar nuestros derechos y hacerlo con mucho respeto y con mucha responsabilidad para garantizar tambi\u00e9n que nuestra Naci\u00f3n funcione como tal&#8221;.<\/p>\n<p>&nbsp;<\/p>\n<p>\u201cLa gesta artiguista tiene como importancia la instauraci\u00f3n del federalismo en nuestras latitudes. Artigas es quien primero levant\u00f3 las banderas del federalismo. Fue quien imagin\u00f3 una Naci\u00f3n con Estados libres y en este sentido plant\u00f3 una posici\u00f3n completamente diferente a la que sosten\u00eda la metr\u00f3polis de Buenos Aires que ten\u00eda una visi\u00f3n unitaria de pa\u00eds, una visi\u00f3n centralizada donde las principales rentas que eran las aduaneras quedaban en la metr\u00f3polis y las provincias cada vez se empobrec\u00edan m\u00e1s cuando eran las que produc\u00edan justamente esas materias primas\u201d.<\/p>\n<p>&nbsp;<\/p>\n<p>Finalmente, sostuvo que por el sistema federal, \u201cque instaur\u00f3 Artigas y est\u00e1 consagrado en nuestra Constituci\u00f3n de 1853, trabajamos todos los d\u00edas desde el gobierno provincial, para que nos restituyan los derechos que leg\u00edtimamente nos corresponden, como por ejemplo recuperar este 15 por ciento de coparticipaci\u00f3n que fue algo que nos planteamos desde el primer d\u00eda de gesti\u00f3n, que hoy llevamos un 9 por ciento y que cuando terminemos el mandato lo vamos a tener definitivamente incorporado\u201d.<\/p>\n","protected":false},"excerpt":{"rendered":"<p>Al cumplirse en la fecha un nuevo aniversario de la independencia artiguista de 1815, el gobernador Gustavo Bordet sostuvo que \u201cla mejor manera de homenajear a Artigas es ejerciendo el federalismo como lo estamos haciendo en Entre R\u00edos\u201d &nbsp; &nbsp; &nbsp; &nbsp; Al cumplirse en la fecha un nuevo aniversario de la independencia artiguista de 1815, el gobernador Gustavo Bordet sostuvo que \u201cla mejor manera de homenajear a Artigas es ejerciendo el federalismo como lo estamos haciendo en Entre R\u00edos, trabajando d\u00eda a d\u00eda para recuperar nuestros derechos y hacerlo&#8230;<\/p>\n","protected":false},"author":3,"featured_media":24951,"comment_status":"closed","ping_status":"closed","sticky":false,"template":"","format":"standard","meta":[],"categories":[15],"tags":[],"_links":{"self":[{"href":"https:\/\/www.actualidadadiario.com\/index.php\/wp-json\/wp\/v2\/posts\/29398"}],"collection":[{"href":"https:\/\/www.actualidadadiario.com\/index.php\/wp-json\/wp\/v2\/posts"}],"about":[{"href":"https:\/\/www.actualidadadiario.com\/index.php\/wp-json\/wp\/v2\/types\/post"}],"author":[{"embeddable":true,"href":"https:\/\/www.actualidadadiario.com\/index.php\/wp-json\/wp\/v2\/users\/3"}],"replies":[{"embeddable":true,"href":"https:\/\/www.actualidadadiario.com\/index.php\/wp-json\/wp\/v2\/comments?post=29398"}],"version-history":[{"count":1,"href":"https:\/\/www.actualidadadiario.com\/index.php\/wp-json\/wp\/v2\/posts\/29398\/revisions"}],"predecessor-version":[{"id":29399,"href":"https:\/\/www.actualidadadiario.com\/index.php\/wp-json\/wp\/v2\/posts\/29398\/revisions\/29399"}],"wp:featuredmedia":[{"embeddable":true,"href":"https:\/\/www.actualidadadiario.com\/index.php\/wp-json\/wp\/v2\/media\/24951"}],"wp:attachment":[{"href":"https:\/\/www.actualidadadiario.com\/index.php\/wp-json\/wp\/v2\/media?parent=29398"}],"wp:term":[{"taxonomy":"category","embeddable":true,"href":"https:\/\/www.actualidadadiario.com\/index.php\/wp-json\/wp\/v2\/categories?post=29398"},{"taxonomy":"post_tag","embeddable":true,"href":"https:\/\/www.actualidadadiario.com\/index.php\/wp-json\/wp\/v2\/tags?post=29398"}],"curies":[{"name":"wp","href":"https:\/\/api.w.org\/{rel}","templated":true}]}}