{"id":29389,"date":"2018-06-30T12:17:08","date_gmt":"2018-06-30T15:17:08","guid":{"rendered":"https:\/\/www.actualidadadiario.com\/?p=29389"},"modified":"2018-11-06T19:42:45","modified_gmt":"2018-11-06T22:42:45","slug":"comienzan-las-capacitaciones-para-la-implementacion-de-las-pulseras-duales","status":"publish","type":"post","link":"https:\/\/www.actualidadadiario.com\/index.php\/2018\/06\/30\/comienzan-las-capacitaciones-para-la-implementacion-de-las-pulseras-duales\/","title":{"rendered":"Comienzan las capacitaciones para la implementaci\u00f3n de las pulseras duales"},"content":{"rendered":"<p><em><strong>Con una capacitaci\u00f3n de cinco d\u00edas, la Polic\u00eda de Entre R\u00edos se formar\u00e1 en la utilizaci\u00f3n y monitoreo de pulseras duales para prevenir casos de violencia de g\u00e9nero. Inicialmente ser\u00e1n 75 los dispositivos a disposici\u00f3n de la Justicia<\/strong><\/em><\/p>\n<p>&nbsp;<\/p>\n<p>&nbsp;<\/p>\n<p>&nbsp;<\/p>\n<p>&nbsp;<\/p>\n<p>El Ministerio de Gobierno y Justicia, a cargo de Rosario Romero, ya hab\u00eda iniciado las gestiones para sumarse al sistema y a principio de junio se conoci\u00f3 que la Naci\u00f3n adjudic\u00f3 la contrataci\u00f3n de pulseras electr\u00f3nicas duales para ser distribuidas en las provincias que firmen convenio. Es en este marco, en la \u00faltima reuni\u00f3n del Consejo Federal de Justicia, a la que asisti\u00f3 el secretario de Justicia, Pablo Biaggini, se efectiviz\u00f3 la inclusi\u00f3n de Entre R\u00edos, para lo cual fueron asignados inicialmente, 75 dispositivos.<\/p>\n<p>&nbsp;<\/p>\n<p>Desde este lunes y hasta el viernes, se desarrollar\u00e1 la capacitaci\u00f3n a los agentes que estar\u00e1n a cargo del sistema en Entre R\u00edos, bridada por ingenieros especialistas en la materia.<\/p>\n<p>&nbsp;<\/p>\n<p>Las pulseras duales son herramientas de \u00faltima tecnolog\u00eda usadas en el control, monitoreo y aseguramiento de medidas cautelares dispuestas en el marco de procesos judiciales de violencia contra la mujer. Su uso est\u00e1 previsto para casos de alto riesgo.<\/p>\n<p>&nbsp;<\/p>\n<p>Las capacitaciones para el uso del equipamiento y software de gesti\u00f3n, se llevan a cabo en el marco del Programa de Supervisi\u00f3n, Monitoreo y Rastreo Electr\u00f3nico de Personas en Conflicto con la Ley, que se desarrolla a partir del Plan Nacional de Acci\u00f3n para la Prevenci\u00f3n, Asistencia y Erradicaci\u00f3n de la Violencia contra las Mujeres del Gobierno Nacional, que en su prueba piloto obtuvo resultados exitosos y a la que ahora se suma Entre R\u00edos.<\/p>\n<p>&nbsp;<\/p>\n","protected":false},"excerpt":{"rendered":"<p>Con una capacitaci\u00f3n de cinco d\u00edas, la Polic\u00eda de Entre R\u00edos se formar\u00e1 en la utilizaci\u00f3n y monitoreo de pulseras duales para prevenir casos de violencia de g\u00e9nero. Inicialmente ser\u00e1n 75 los dispositivos a disposici\u00f3n de la Justicia &nbsp; &nbsp; &nbsp; &nbsp; El Ministerio de Gobierno y Justicia, a cargo de Rosario Romero, ya hab\u00eda iniciado las gestiones para sumarse al sistema y a principio de junio se conoci\u00f3 que la Naci\u00f3n adjudic\u00f3 la contrataci\u00f3n de pulseras electr\u00f3nicas duales para ser distribuidas en las provincias que firmen convenio. Es en&#8230;<\/p>\n","protected":false},"author":3,"featured_media":29390,"comment_status":"closed","ping_status":"closed","sticky":false,"template":"","format":"standard","meta":[],"categories":[15],"tags":[],"_links":{"self":[{"href":"https:\/\/www.actualidadadiario.com\/index.php\/wp-json\/wp\/v2\/posts\/29389"}],"collection":[{"href":"https:\/\/www.actualidadadiario.com\/index.php\/wp-json\/wp\/v2\/posts"}],"about":[{"href":"https:\/\/www.actualidadadiario.com\/index.php\/wp-json\/wp\/v2\/types\/post"}],"author":[{"embeddable":true,"href":"https:\/\/www.actualidadadiario.com\/index.php\/wp-json\/wp\/v2\/users\/3"}],"replies":[{"embeddable":true,"href":"https:\/\/www.actualidadadiario.com\/index.php\/wp-json\/wp\/v2\/comments?post=29389"}],"version-history":[{"count":2,"href":"https:\/\/www.actualidadadiario.com\/index.php\/wp-json\/wp\/v2\/posts\/29389\/revisions"}],"predecessor-version":[{"id":29397,"href":"https:\/\/www.actualidadadiario.com\/index.php\/wp-json\/wp\/v2\/posts\/29389\/revisions\/29397"}],"wp:featuredmedia":[{"embeddable":true,"href":"https:\/\/www.actualidadadiario.com\/index.php\/wp-json\/wp\/v2\/media\/29390"}],"wp:attachment":[{"href":"https:\/\/www.actualidadadiario.com\/index.php\/wp-json\/wp\/v2\/media?parent=29389"}],"wp:term":[{"taxonomy":"category","embeddable":true,"href":"https:\/\/www.actualidadadiario.com\/index.php\/wp-json\/wp\/v2\/categories?post=29389"},{"taxonomy":"post_tag","embeddable":true,"href":"https:\/\/www.actualidadadiario.com\/index.php\/wp-json\/wp\/v2\/tags?post=29389"}],"curies":[{"name":"wp","href":"https:\/\/api.w.org\/{rel}","templated":true}]}}