{"id":29386,"date":"2018-06-30T12:16:17","date_gmt":"2018-06-30T15:16:17","guid":{"rendered":"https:\/\/www.actualidadadiario.com\/?p=29386"},"modified":"2018-11-06T19:42:45","modified_gmt":"2018-11-06T22:42:45","slug":"bordet-confia-en-que-se-alcancen-las-metas-fiscales-con-equidad-y-sin-vulnerar-derechos-sociales","status":"publish","type":"post","link":"https:\/\/www.actualidadadiario.com\/index.php\/2018\/06\/30\/bordet-confia-en-que-se-alcancen-las-metas-fiscales-con-equidad-y-sin-vulnerar-derechos-sociales\/","title":{"rendered":"Bordet conf\u00eda en que se alcancen las metas fiscales con equidad y sin vulnerar derechos sociales"},"content":{"rendered":"<p><em><strong>\u201cCon la voluntad de sentarnos provincia y Naci\u00f3n podemos alcanzar el equilibrio fiscal, que en definitiva, no redunda en favor de ning\u00fan gobierno, sino en beneficio de los argentinos y de los entrerrianos que es para lo que nos han elegido\u201d, dijo el gobernador Gustavo Bordet<\/strong><\/em><\/p>\n<p>&nbsp;<\/p>\n<p>&nbsp;<\/p>\n<p>&nbsp;<\/p>\n<p>Fue este viernes al ser consultado sobre las conversaciones con el gobierno nacional por el presupuesto del pr\u00f3ximo a\u00f1o.<\/p>\n<p>&nbsp;<\/p>\n<p>En el lanzamiento de la marca colectiva Manos Entrerrianas, una iniciativa del gobierno, que fue creada para distinguir y visibilizar las producciones de los emprendedores de la provincia, el mandatario expres\u00f3 que \u201ces necesario lograr el equilibrio de las cuentas fiscales de la Naci\u00f3n para lo cual hay una meta del 1,3 por ciento para el Presupuesto 2019, y tener equilibrio en 2020\u201d.<\/p>\n<p>&nbsp;<\/p>\n<p>Afirm\u00f3 que para llegar a esas metas fiscales \u201ctiene que darse un criterio de equidad entre las provincias y no vulnerar derechos sociales ni perjudicar a los sectores que m\u00e1s lo necesitan\u201d.<\/p>\n<p>&nbsp;<\/p>\n<p>\u201cLas provincias estamos propendiendo tambi\u00e9n al equilibrio\u201d, dijo y anticip\u00f3 que \u201cEntre R\u00edos tendr\u00e1 equilibrio para 2019, ya que pr\u00e1cticamente hemos cerrado un semestre en equilibrio en nuestra provincia\u201d.<\/p>\n<p>&nbsp;<\/p>\n<p>En ese marco, consider\u00f3 que \u201cel ordenamiento de las cuentas fiscales, el cumplir con las metas fiscales, es algo que est\u00e1 afuera de discusi\u00f3n\u201d, pero \u201ctenemos que sentarnos a buscar consensos con el gobierno nacional en c\u00f3mo aplicamos dentro del Presupuesto las correcciones para llegar a esta meta del 1,3\u201d.<\/p>\n<p>&nbsp;<\/p>\n<p>Destac\u00f3 que en Entre R\u00edos \u201cestamos pagando los sueldos como corresponde, ya tenemos el cronograma de aguinaldo y a esto lo podemos hacer porque estamos trabajando en una provincia ordenada, ejecutando un presupuesto para cumplir con las obras, teniendo en cuenta la contenci\u00f3n socio-sanitaria de la poblaci\u00f3n que es muy necesaria\u201d.<\/p>\n<p>&nbsp;<\/p>\n<p>&nbsp;<\/p>\n<p><strong>Manos Entrerrianas<\/strong><\/p>\n<p>El gobernador recorri\u00f3 los stands de emprendedores y dialog\u00f3 con ellos, en el marco del lanzamiento de la marca colectiva Manos Entrerrianas, que se realiz\u00f3 este viernes en el Centro Provincial de Convenciones (CPC).<\/p>\n<p>&nbsp;<\/p>\n<p>\u201cEs un orgullo estar presentando este programa que decidimos llevar adelante para valorizar lo mucho y bueno que se hace en Entre R\u00edos y tener una marca de calidad, que nos identifique\u201d, dijo el mandatario.<\/p>\n<p>&nbsp;<\/p>\n<p>Seg\u00fan destac\u00f3, \u201cdetr\u00e1s de esa marca hay muchas familias que tienen su sustento, que trabajan todos los d\u00edas, que se forjan un porvenir. Desde el Estado lo que hacemos es darle las herramientas necesarias para que puedan llevarse adelante los objetivos que cada familia se plantea, que en definitiva es poder desarrollarse, crecer en distintos lugares, ciudades, pueblos de la provincia. Y tambi\u00e9n, como Estado provincial, tener una identificaci\u00f3n de productos t\u00edpicos que a su vez en el \u00e1mbito nacional nos otorgan una presencia muy marcada\u201d.<\/p>\n<p>&nbsp;<\/p>\n<p>Por su parte, la ministra de Desarrollo Social, Laura Stratta explic\u00f3: \u201cManos Entrerrianas pone en valor a la econom\u00eda social, al precio justo, al consumo responsable, es una herramienta que facilita los procesos de comercializaci\u00f3n de los emprendedores de nuestra provincia. Es un sello para distinguir, visibilizar y proyectar nuestros emprendedores. Este programa es el resultado de un trabajo, de un sue\u00f1o, de mucho esfuerzo, pero sobre todo de mucha convicci\u00f3n de lo que est\u00e1bamos haciendo, y tambi\u00e9n es un trabajo colectivo que hicimos codo a codo con cada uno de los m\u00e1s de 100 emprendedores de todo el territorio provincial que forman parte de Manos\u201d. Y detall\u00f3 que \u201cno es solamente la cesi\u00f3n de la marca, es el trabajo en estrategias que promuevan y faciliten los procesos de comercializaci\u00f3n, para que las marcas puedan crecer, desarrollarse y abrirse nuevos rumbos\u201d.<\/p>\n<p>&nbsp;<\/p>\n<p>Por otro lado, la titular de la cartera social, a\u00f1adi\u00f3: \u201cEs una decisi\u00f3n de nuestro gobernador que permanentemente nos alienta para que dise\u00f1emos pol\u00edticas p\u00fablicas, de Estado, que promuevan el desarrollo social y humano. Y se trata de un sello de esta provincia, de un gobierno que no solo invierte en los emprendedores, sino que adem\u00e1s cree en ellos y en su capacidad de crear y de salir adelante\u201d. Stratta, adem\u00e1s agradeci\u00f3 el compromiso y confianza depositados en la econom\u00eda social por parte del gobernador y a Mariel \u00c1vila: \u201cSos un motor que siempre est\u00e1 empujando para que las cosas salgan bien\u201d.<\/p>\n<p>&nbsp;<\/p>\n<p>All\u00ed tambi\u00e9n estuvieron presentes los ministros de Desarrollo Social, Laura Stratta; de Econom\u00eda, Hugo Ballay; y de Salud, Sonia Velazquez; la senadora nacional Sigrid Kunath; la diputada nacional Mayda Cresto; la secretaria de Turismo y Cultura, Carolina Gaillard; la presidenta del consejo General de Eduacaci\u00f3n, Marta Land\u00f3; las titulares del Copnaf, Marisa Paira, y del Iprodi, Cristina Ponce; y la directora del Instituto Aut\u00e1rquico Becario Provincial, Claudia Gieco, y la esposa del gobernador, Mariel Avila, entre otros.<\/p>\n<p>&nbsp;<\/p>\n<p>Por iniciativa del Ministerio de Desarrollo Social, se puso en marcha esta marca, que nuclea a m\u00e1s de 100 emprendedores, y que fue creada para poner en valor la econom\u00eda social, el comercio justo y el consumo responsable, facilitando los procesos de comercializaci\u00f3n de productos y servicios entrerrianos. Manos Entrerrianas es un sello para distinguir, visibilizar, apoyar y afianzar las producciones de la provincia.<\/p>\n<p>&nbsp;<\/p>\n<p>En ese marco, el Estado provincial genera instancias de capacitaci\u00f3n, acompa\u00f1amiento, fomento del asociativismo, apoyo crediticio-productivo y espacios de feria, que generaron las condiciones para esta iniciativa.<\/p>\n<p>&nbsp;<\/p>\n<p>Participan emprendedores de diferentes localidades de la provincia como Paran\u00e1, Concordia, Villaguay, San Salvador, Santa Elena, Feliciano, Federal, Victoria, Gualeguaych\u00fa, Concepci\u00f3n del Uruguay, Villa Mantero, Diamante, Aldea Eingenfeld, La Criolla, Los Charr\u00faas, Bovril, San Gustavo y Nogoy\u00e1.<\/p>\n<p>&nbsp;<\/p>\n<p>Con una inversi\u00f3n total de 890.000 pesos, se desarroll\u00f3 esta propuesta que re\u00fane hasta el momento diversos rubros: alimentos, producci\u00f3n, carpinter\u00eda, indumentaria, servicios y productos personalizados.<\/p>\n<p>&nbsp;<\/p>\n<p>Luego del desarrollo de diferentes etapas que se llevaron adelante de manera articulada entre el Estado provincial y los emprendedores, se puso en marcha un proyecto de comunicaci\u00f3n integral para potenciar y posicionar esta marca colectiva. Se cre\u00f3 el sitio web www.manosentrerrianas.com.ar que cuenta con espacio personal para cada emprendedor, se trabaj\u00f3 desde el dise\u00f1o gr\u00e1fico en el desarrollo de logos, etiquetas, folleter\u00eda y merchandising.<\/p>\n","protected":false},"excerpt":{"rendered":"<p>\u201cCon la voluntad de sentarnos provincia y Naci\u00f3n podemos alcanzar el equilibrio fiscal, que en definitiva, no redunda en favor de ning\u00fan gobierno, sino en beneficio de los argentinos y de los entrerrianos que es para lo que nos han elegido\u201d, dijo el gobernador Gustavo Bordet &nbsp; &nbsp; &nbsp; Fue este viernes al ser consultado sobre las conversaciones con el gobierno nacional por el presupuesto del pr\u00f3ximo a\u00f1o. &nbsp; En el lanzamiento de la marca colectiva Manos Entrerrianas, una iniciativa del gobierno, que fue creada para distinguir y visibilizar las&#8230;<\/p>\n","protected":false},"author":3,"featured_media":29387,"comment_status":"closed","ping_status":"closed","sticky":false,"template":"","format":"standard","meta":[],"categories":[9,15],"tags":[],"_links":{"self":[{"href":"https:\/\/www.actualidadadiario.com\/index.php\/wp-json\/wp\/v2\/posts\/29386"}],"collection":[{"href":"https:\/\/www.actualidadadiario.com\/index.php\/wp-json\/wp\/v2\/posts"}],"about":[{"href":"https:\/\/www.actualidadadiario.com\/index.php\/wp-json\/wp\/v2\/types\/post"}],"author":[{"embeddable":true,"href":"https:\/\/www.actualidadadiario.com\/index.php\/wp-json\/wp\/v2\/users\/3"}],"replies":[{"embeddable":true,"href":"https:\/\/www.actualidadadiario.com\/index.php\/wp-json\/wp\/v2\/comments?post=29386"}],"version-history":[{"count":1,"href":"https:\/\/www.actualidadadiario.com\/index.php\/wp-json\/wp\/v2\/posts\/29386\/revisions"}],"predecessor-version":[{"id":29388,"href":"https:\/\/www.actualidadadiario.com\/index.php\/wp-json\/wp\/v2\/posts\/29386\/revisions\/29388"}],"wp:featuredmedia":[{"embeddable":true,"href":"https:\/\/www.actualidadadiario.com\/index.php\/wp-json\/wp\/v2\/media\/29387"}],"wp:attachment":[{"href":"https:\/\/www.actualidadadiario.com\/index.php\/wp-json\/wp\/v2\/media?parent=29386"}],"wp:term":[{"taxonomy":"category","embeddable":true,"href":"https:\/\/www.actualidadadiario.com\/index.php\/wp-json\/wp\/v2\/categories?post=29386"},{"taxonomy":"post_tag","embeddable":true,"href":"https:\/\/www.actualidadadiario.com\/index.php\/wp-json\/wp\/v2\/tags?post=29386"}],"curies":[{"name":"wp","href":"https:\/\/api.w.org\/{rel}","templated":true}]}}