{"id":29364,"date":"2018-06-29T09:45:39","date_gmt":"2018-06-29T12:45:39","guid":{"rendered":"https:\/\/www.actualidadadiario.com\/?p=29364"},"modified":"2018-11-06T19:42:49","modified_gmt":"2018-11-06T22:42:49","slug":"aborto-anticipan-como-sera-la-votacion","status":"publish","type":"post","link":"https:\/\/www.actualidadadiario.com\/index.php\/2018\/06\/29\/aborto-anticipan-como-sera-la-votacion\/","title":{"rendered":"Aborto, anticipan c\u00f3mo ser\u00e1 la votaci\u00f3n"},"content":{"rendered":"<p><em><strong>Desde que el proyecto para lograr la despenalizaci\u00f3n del aborto fue aprobado en Diputados, ambos sectores redoblaron los esfuerzos para intentar convencer a los senadores indecisos. En tanto, en las \u00faltimas horas comenz\u00f3 a ganar terreno una \u201ctercer postura\u201d<\/strong><\/em><\/p>\n<p>&nbsp;<\/p>\n<p>&nbsp;<\/p>\n<p>&nbsp;<\/p>\n<p>Mientras el recuento de votos anticipan un final ajustado en el Senado, comienza a ganar terreno la idea de encontrar un &#8220;t\u00e9rmino medio&#8221; entre la media sanci\u00f3n que lleg\u00f3 de Diputados y la postura de rechazo a la legalizaci\u00f3n del aborto que impulsa otro grupo de legisladores. Es el caso de la senadora del PRO Laura Rodr\u00edguez Machado, una de las senadoras que se mantiene en el lote de indecisos.<\/p>\n<p>&nbsp;<\/p>\n<p>Al igual que varias legisladoras condicion\u00f3 su apoyo a un proyecto de despenalizaci\u00f3n a la posibilidad de que se introduzcan cambios que moderen la iniciativa. La senadora macrista reclam\u00f3 que se encuentre &#8220;un t\u00e9rmino medio&#8221; para no &#8220;estar entre pa\u00f1uelos verdes y celestes&#8221;. La legisladora cordobesa indic\u00f3 que junto a los otros dos senadores de su provincia est\u00e1n de acuerdo &#8220;con algunas cuestiones de la media sanci\u00f3n pero no con otras&#8221;.<\/p>\n<p>&nbsp;<\/p>\n<p>&#8220;Estamos trabajando en un despacho que modificar\u00eda algunas cuestiones tales como la objeci\u00f3n de conciencia colectiva, vamos a buscar que el Presupuesto nacional d\u00e9 financiaci\u00f3n a las provincias&#8221;, adelant\u00f3, en declaraciones a FM Concepto. Los cordobeses no son los \u00fanicos indecisos que condicionaron su voto a favor: tambi\u00e9n est\u00e1 en esa sinton\u00eda el misionero Maurice Closs.<\/p>\n<p>&nbsp;<\/p>\n<p>En este marco, el escenario que asoma de cara a la votaci\u00f3n del 8 de agosto en el recinto ya no ser\u00eda de &#8220;blanco o negro&#8221; sino que ante la posibilidad concreta de que se caiga el proyecto, podr\u00eda prevalecer la opci\u00f3n de un proyecto que habilite, entre otros puntos, la objeci\u00f3n de conciencia institucional, reclamada por varias cl\u00ednicas privadas. Sin embargo, el senador de Argentina Federal Pedro Guastavino rechaz\u00f3 la posibilidad de que la iniciativa sea modificada.<\/p>\n<p>&nbsp;<\/p>\n<p>\u201cYo creo que hay senadores que est\u00e1n planteando modificaciones. Nosotros queremos que el proyecto se apruebe como vino, as\u00ed no tiene que volver a Diputados. Se tiene que votar por s\u00ed o por no&#8221;, advirti\u00f3. A su vez, el entrerriano continu\u00f3 con los pases de factura en relaci\u00f3n a la pol\u00e9mica por los giros de comisi\u00f3n, en la que finalmente los senadores a favor del aborto lograron torcerle el brazo a la vicepresidenta Gabriela Michetti.<\/p>\n<p>&nbsp;<\/p>\n<p>Para Gustavino, Michetti y los senadores PRO Federico Pinedo y Esteban Bullrich ten\u00edan &#8220;la estrategia de dilatar el tratamiento&#8221; por la legalizaci\u00f3n. El legislador peronista asegur\u00f3 que hubo &#8220;caprichos de la vicepresidenta con los giros a comisiones&#8221;. \u201cHay una norma no escrita en el Senado: cuando hay un proyecto de ley de esta envergadura, si bien la vicepresidenta est\u00e1 facultada para girar como ella prefiera, se consensua con los bloques\u201d, dijo.<\/p>\n","protected":false},"excerpt":{"rendered":"<p>Desde que el proyecto para lograr la despenalizaci\u00f3n del aborto fue aprobado en Diputados, ambos sectores redoblaron los esfuerzos para intentar convencer a los senadores indecisos. En tanto, en las \u00faltimas horas comenz\u00f3 a ganar terreno una \u201ctercer postura\u201d &nbsp; &nbsp; &nbsp; Mientras el recuento de votos anticipan un final ajustado en el Senado, comienza a ganar terreno la idea de encontrar un &#8220;t\u00e9rmino medio&#8221; entre la media sanci\u00f3n que lleg\u00f3 de Diputados y la postura de rechazo a la legalizaci\u00f3n del aborto que impulsa otro grupo de legisladores. Es&#8230;<\/p>\n","protected":false},"author":3,"featured_media":28530,"comment_status":"closed","ping_status":"closed","sticky":false,"template":"","format":"standard","meta":[],"categories":[18],"tags":[],"_links":{"self":[{"href":"https:\/\/www.actualidadadiario.com\/index.php\/wp-json\/wp\/v2\/posts\/29364"}],"collection":[{"href":"https:\/\/www.actualidadadiario.com\/index.php\/wp-json\/wp\/v2\/posts"}],"about":[{"href":"https:\/\/www.actualidadadiario.com\/index.php\/wp-json\/wp\/v2\/types\/post"}],"author":[{"embeddable":true,"href":"https:\/\/www.actualidadadiario.com\/index.php\/wp-json\/wp\/v2\/users\/3"}],"replies":[{"embeddable":true,"href":"https:\/\/www.actualidadadiario.com\/index.php\/wp-json\/wp\/v2\/comments?post=29364"}],"version-history":[{"count":1,"href":"https:\/\/www.actualidadadiario.com\/index.php\/wp-json\/wp\/v2\/posts\/29364\/revisions"}],"predecessor-version":[{"id":29365,"href":"https:\/\/www.actualidadadiario.com\/index.php\/wp-json\/wp\/v2\/posts\/29364\/revisions\/29365"}],"wp:featuredmedia":[{"embeddable":true,"href":"https:\/\/www.actualidadadiario.com\/index.php\/wp-json\/wp\/v2\/media\/28530"}],"wp:attachment":[{"href":"https:\/\/www.actualidadadiario.com\/index.php\/wp-json\/wp\/v2\/media?parent=29364"}],"wp:term":[{"taxonomy":"category","embeddable":true,"href":"https:\/\/www.actualidadadiario.com\/index.php\/wp-json\/wp\/v2\/categories?post=29364"},{"taxonomy":"post_tag","embeddable":true,"href":"https:\/\/www.actualidadadiario.com\/index.php\/wp-json\/wp\/v2\/tags?post=29364"}],"curies":[{"name":"wp","href":"https:\/\/api.w.org\/{rel}","templated":true}]}}