{"id":29361,"date":"2018-06-29T09:44:47","date_gmt":"2018-06-29T12:44:47","guid":{"rendered":"https:\/\/www.actualidadadiario.com\/?p=29361"},"modified":"2018-11-06T19:42:50","modified_gmt":"2018-11-06T22:42:50","slug":"la-corte-suprema-intimo-al-gobierno-a-girarle-mas-plata-y-amenazo-con-quedar-paralizada","status":"publish","type":"post","link":"https:\/\/www.actualidadadiario.com\/index.php\/2018\/06\/29\/la-corte-suprema-intimo-al-gobierno-a-girarle-mas-plata-y-amenazo-con-quedar-paralizada\/","title":{"rendered":"La Corte Suprema intim\u00f3 al Gobierno a girarle m\u00e1s plata y amenaz\u00f3 con quedar paralizada"},"content":{"rendered":"<p><em><strong>Con la firma de todos sus integrantes, le recordaron a la Jefatura de Gabinete que todav\u00eda no cobraron el aumento salarial m\u00ednimo del 15% y remarcaron que si no se cumple el m\u00e1ximo tribual dejar\u00e1 de funcionar<\/strong><\/em><\/p>\n<p>&nbsp;<\/p>\n<p>&nbsp;<\/p>\n<p>&nbsp;<\/p>\n<p>La Corte Suprema de Justicia de la Naci\u00f3n (CSJN) envi\u00f3 una carta al jefe de Gabinete, Marcos Pe\u00f1a, reclamando que autorice los aumentos de sueldos de los integrantes del m\u00e1ximo tribunal y del Poder Judicial y advirtieron que si se demora, podr\u00eda haber una &#8220;paralizaci\u00f3n de las actividades del Alto Tribunal&#8221;.<\/p>\n<p>&nbsp;<\/p>\n<p>&#8220;Teniendo en cuenta que la dilaci\u00f3n en su otorgamiento provoca un riesgo de inmediata paralizaci\u00f3n de las actividades del Alto Tribunal, se requiere de manera urgente las ampliaciones solicitadas en el presupuesto de la Corte Suprema de Justicia de la Naci\u00f3n&#8221;, enfatizaron en la misiva que lleva la firma de los cinco integregants de la CSJN.<\/p>\n<p>&nbsp;<\/p>\n<p>El escrito firmado por el presidente del tribunal Ricardo Lorenzetti y por los ministros Elena Highton, Juan Carlos Maqueda, Horacio Rosatti y Carlos Rosenkrantz, sostiene que &#8220;en lo ateniente a la pol\u00edtica salarial se le hace saber que en el presente a\u00f1o 2018 solo se ha autorizado un 10% de aumento&#8221;.<\/p>\n<p>&nbsp;<\/p>\n<p>&#8220;El 5% autorizado en el mes de febrero corresponde al a\u00f1o 2017 y se le autoriz\u00f3 a todos los sectores estatales cuyos salarios quedaron por debajo de la inflaci\u00f3n del a\u00f1o 2018&#8221;, insistieron.<\/p>\n","protected":false},"excerpt":{"rendered":"<p>Con la firma de todos sus integrantes, le recordaron a la Jefatura de Gabinete que todav\u00eda no cobraron el aumento salarial m\u00ednimo del 15% y remarcaron que si no se cumple el m\u00e1ximo tribual dejar\u00e1 de funcionar &nbsp; &nbsp; &nbsp; La Corte Suprema de Justicia de la Naci\u00f3n (CSJN) envi\u00f3 una carta al jefe de Gabinete, Marcos Pe\u00f1a, reclamando que autorice los aumentos de sueldos de los integrantes del m\u00e1ximo tribunal y del Poder Judicial y advirtieron que si se demora, podr\u00eda haber una &#8220;paralizaci\u00f3n de las actividades del Alto&#8230;<\/p>\n","protected":false},"author":3,"featured_media":29362,"comment_status":"closed","ping_status":"closed","sticky":false,"template":"","format":"standard","meta":[],"categories":[18],"tags":[],"_links":{"self":[{"href":"https:\/\/www.actualidadadiario.com\/index.php\/wp-json\/wp\/v2\/posts\/29361"}],"collection":[{"href":"https:\/\/www.actualidadadiario.com\/index.php\/wp-json\/wp\/v2\/posts"}],"about":[{"href":"https:\/\/www.actualidadadiario.com\/index.php\/wp-json\/wp\/v2\/types\/post"}],"author":[{"embeddable":true,"href":"https:\/\/www.actualidadadiario.com\/index.php\/wp-json\/wp\/v2\/users\/3"}],"replies":[{"embeddable":true,"href":"https:\/\/www.actualidadadiario.com\/index.php\/wp-json\/wp\/v2\/comments?post=29361"}],"version-history":[{"count":1,"href":"https:\/\/www.actualidadadiario.com\/index.php\/wp-json\/wp\/v2\/posts\/29361\/revisions"}],"predecessor-version":[{"id":29363,"href":"https:\/\/www.actualidadadiario.com\/index.php\/wp-json\/wp\/v2\/posts\/29361\/revisions\/29363"}],"wp:featuredmedia":[{"embeddable":true,"href":"https:\/\/www.actualidadadiario.com\/index.php\/wp-json\/wp\/v2\/media\/29362"}],"wp:attachment":[{"href":"https:\/\/www.actualidadadiario.com\/index.php\/wp-json\/wp\/v2\/media?parent=29361"}],"wp:term":[{"taxonomy":"category","embeddable":true,"href":"https:\/\/www.actualidadadiario.com\/index.php\/wp-json\/wp\/v2\/categories?post=29361"},{"taxonomy":"post_tag","embeddable":true,"href":"https:\/\/www.actualidadadiario.com\/index.php\/wp-json\/wp\/v2\/tags?post=29361"}],"curies":[{"name":"wp","href":"https:\/\/api.w.org\/{rel}","templated":true}]}}