{"id":29358,"date":"2018-06-29T09:44:00","date_gmt":"2018-06-29T12:44:00","guid":{"rendered":"https:\/\/www.actualidadadiario.com\/?p=29358"},"modified":"2018-11-06T19:42:50","modified_gmt":"2018-11-06T22:42:50","slug":"el-gobierno-avanzara-con-el-ajuste-a-las-pensiones-por-invalidez","status":"publish","type":"post","link":"https:\/\/www.actualidadadiario.com\/index.php\/2018\/06\/29\/el-gobierno-avanzara-con-el-ajuste-a-las-pensiones-por-invalidez\/","title":{"rendered":"El Gobierno avanzar\u00e1 con el ajuste a las pensiones por invalidez"},"content":{"rendered":"<p><em><strong>Har\u00e1n una revisi\u00f3n por irregularidades y estiman que el recorte podr\u00eda llegar al 10% de las pensiones<\/strong><\/em><\/p>\n<p>&nbsp;<\/p>\n<p>&nbsp;<\/p>\n<p>&nbsp;<\/p>\n<p>El Gobierno nacional endurecer\u00e1 el ajuste del gasto p\u00fablico y ahora avanzar\u00e1 con las pensiones por invalidez, un sector donde se sospecha que una cantidad importante fue otorgada irregularmente.<\/p>\n<p>&nbsp;<\/p>\n<p>En concreto lo que se har\u00e1 es una revisi\u00f3n de las pensiones y se eliminar\u00e1n las que tengan alguna irregularidad. En el Gobierno creen que el recorte ser\u00e1 grande y podr\u00eda alcanzar al 10 por ciento del total.<\/p>\n<p>&nbsp;<\/p>\n<p>Hasta el a\u00f1o pasado, se contaban algo m\u00e1s de 1.060.000 pensiones por invalidez, con un presupuesto anual de unos 84 mil millones de pesos. Es decir que el Gobierno podr\u00eda lograr un recorte de unos 8 mil millones de pesos, en el mejor de los casos.<\/p>\n<p>&nbsp;<\/p>\n<p>Se trata de un tema sensible, que podr\u00eda traerle dolores de cabeza a Macri. El a\u00f1o pasado, ya tuvo problemas cuando quiso avanzar con un recorte similar a las pensiones por discapacidad y el Presidente termin\u00f3 echando a Guillermo Badino, el funcionario que hab\u00eda cortado unos 70 mil beneficios.<\/p>\n<p>&nbsp;<\/p>\n<p>Es por eso que la estrategia del Gobierno es empezar a exponer las irregularidades para generar un clima social que permita avanzar con los recortes. Muchos de los casos podr\u00edan empezar a trascender a los medios.<\/p>\n<p>&nbsp;<\/p>\n<p>Seg\u00fan los c\u00e1lculos, al comienzo del kirchnerismo exist\u00edan algo m\u00e1s de 80 mil pensiones por invalidez y en 2010 hab\u00eda medio mill\u00f3n, cifra que se duplic\u00f3 hasta el a\u00f1o pasado. Se sospecha que este crecimiento exponencial tiene que ver con el uso pol\u00edtico de las pensiones, algo que algunos ex integrantes del gobierno kirchnerista admiten por lo bajo. En algunas provincias, los porcentajes de beneficiarios ser\u00edan alt\u00edsimos.<\/p>\n<p>&nbsp;<\/p>\n<p>Ante este contexto, seg\u00fan supo este medio, la posibilidad de una revisi\u00f3n tendr\u00eda apoyo del peronismo dialoguista (aunque no sea necesaria una ley para llevarla adelante). En este sector admiten que la situaci\u00f3n est\u00e1 desbordada y dicen que en Argentina hay m\u00e1s pensiones por invalidez que en pa\u00edses que tuvieron guerras como los de la ex Yugoslavia.<\/p>\n<p>&nbsp;<\/p>\n<p>En este sector del peronismo vienen sosteniendo que las medidas anunciadas para reducir el d\u00e9ficit son maquillaje y que el ajuste real debe hacerse sobre el sistema de seguridad social.<\/p>\n<p>&nbsp;<\/p>\n<p>En ese sentido destacan un error serio que cometi\u00f3 el Gobierno y que agigant\u00f3 el problema: la Reparaci\u00f3n Hist\u00f3rica a los jubilados. Se trata de una medida que el oficialismo sigue destacando como un hito, pero que agreg\u00f3 un punto del PBI al d\u00e9ficit. En la oposici\u00f3n se\u00f1alan tambi\u00e9n como un problema estructural la actualizaci\u00f3n autom\u00e1tica de la AUH, aprobada por el kirchnerismo poco antes de dejar el poder y cuya primera aplicaci\u00f3n se dio ya en el Gobierno de Macri. Lo que hacen ambas es que se espiralice la suba del gasto social.<\/p>\n<p>&nbsp;<\/p>\n<p>En el peronismo creen que ambas medidas deber\u00edan pensarse en funci\u00f3n de la recaudaci\u00f3n y que la AUH deber\u00eda estar despegada del r\u00e9gimen previsional porque a la larga termina detonando a las jubilaciones. Aunque es una medida m\u00e1s que impopular en el sector de Miguel Pichetto consideran que la universalizaci\u00f3n no es acorde a un pa\u00eds como Argentina.<\/p>\n","protected":false},"excerpt":{"rendered":"<p>Har\u00e1n una revisi\u00f3n por irregularidades y estiman que el recorte podr\u00eda llegar al 10% de las pensiones &nbsp; &nbsp; &nbsp; El Gobierno nacional endurecer\u00e1 el ajuste del gasto p\u00fablico y ahora avanzar\u00e1 con las pensiones por invalidez, un sector donde se sospecha que una cantidad importante fue otorgada irregularmente. &nbsp; En concreto lo que se har\u00e1 es una revisi\u00f3n de las pensiones y se eliminar\u00e1n las que tengan alguna irregularidad. En el Gobierno creen que el recorte ser\u00e1 grande y podr\u00eda alcanzar al 10 por ciento del total. &nbsp; Hasta&#8230;<\/p>\n","protected":false},"author":3,"featured_media":29359,"comment_status":"closed","ping_status":"closed","sticky":false,"template":"","format":"standard","meta":[],"categories":[18],"tags":[],"_links":{"self":[{"href":"https:\/\/www.actualidadadiario.com\/index.php\/wp-json\/wp\/v2\/posts\/29358"}],"collection":[{"href":"https:\/\/www.actualidadadiario.com\/index.php\/wp-json\/wp\/v2\/posts"}],"about":[{"href":"https:\/\/www.actualidadadiario.com\/index.php\/wp-json\/wp\/v2\/types\/post"}],"author":[{"embeddable":true,"href":"https:\/\/www.actualidadadiario.com\/index.php\/wp-json\/wp\/v2\/users\/3"}],"replies":[{"embeddable":true,"href":"https:\/\/www.actualidadadiario.com\/index.php\/wp-json\/wp\/v2\/comments?post=29358"}],"version-history":[{"count":1,"href":"https:\/\/www.actualidadadiario.com\/index.php\/wp-json\/wp\/v2\/posts\/29358\/revisions"}],"predecessor-version":[{"id":29360,"href":"https:\/\/www.actualidadadiario.com\/index.php\/wp-json\/wp\/v2\/posts\/29358\/revisions\/29360"}],"wp:featuredmedia":[{"embeddable":true,"href":"https:\/\/www.actualidadadiario.com\/index.php\/wp-json\/wp\/v2\/media\/29359"}],"wp:attachment":[{"href":"https:\/\/www.actualidadadiario.com\/index.php\/wp-json\/wp\/v2\/media?parent=29358"}],"wp:term":[{"taxonomy":"category","embeddable":true,"href":"https:\/\/www.actualidadadiario.com\/index.php\/wp-json\/wp\/v2\/categories?post=29358"},{"taxonomy":"post_tag","embeddable":true,"href":"https:\/\/www.actualidadadiario.com\/index.php\/wp-json\/wp\/v2\/tags?post=29358"}],"curies":[{"name":"wp","href":"https:\/\/api.w.org\/{rel}","templated":true}]}}