{"id":29352,"date":"2018-06-29T09:42:32","date_gmt":"2018-06-29T12:42:32","guid":{"rendered":"https:\/\/www.actualidadadiario.com\/?p=29352"},"modified":"2018-11-06T19:42:50","modified_gmt":"2018-11-06T22:42:50","slug":"la-camara-ordeno-a-bonadio-que-investigue-a-carrio-por-apologia-del-crimen","status":"publish","type":"post","link":"https:\/\/www.actualidadadiario.com\/index.php\/2018\/06\/29\/la-camara-ordeno-a-bonadio-que-investigue-a-carrio-por-apologia-del-crimen\/","title":{"rendered":"La C\u00e1mara orden\u00f3 a Bonadio que investigue a Carri\u00f3 por apolog\u00eda del crimen"},"content":{"rendered":"<p><em><strong>Por ese delito y por incitaci\u00f3n a la violencia, la diputada deber\u00e1 responder ante la Justicia. El magistrado hab\u00eda desestimado la denuncia, pero su decisi\u00f3n fue revertida en la instancia superior<\/strong><\/em><\/p>\n<p>&nbsp;<\/p>\n<p>&nbsp;<\/p>\n<p>&nbsp;<\/p>\n<p>Por una vez, parece ser que la impunidad verborr\u00e1gica de Carri\u00f3 le va a traer alguna consecuencia. Una denuncia que hab\u00eda sido archivada por el juez Claudio Bonadio en primera instancia deber\u00e1 reflotarse por orden de la C\u00e1mara Criminal y Correccional Federal. La acusaci\u00f3n: incitaci\u00f3n a la violencia y apolog\u00eda del crimen.<\/p>\n<p>&nbsp;<\/p>\n<p>La Sala II que integran Mart\u00edn Irurzun y Leopoldo Bruglia declar\u00f3 la nulidad del fallo del magistrado a quien le ordenaron, seg\u00fan la resoluci\u00f3n a la que accedi\u00f3 el diario Perfil, &#8220;emitir un nuevo pronunciamiento con arreglo a derecho&#8221;.<\/p>\n<p>&nbsp;<\/p>\n<p>La diputada de Cambiemos compar\u00f3 a Hugo Moyano con Jimmy Hoffa, el desaparecido sindicalista estadounidense que fue declarado muerto en los 70. Ahora la C\u00e1mara orden\u00f3 que se la investigue por los delitos mencionados.<\/p>\n<p>&nbsp;<\/p>\n<p>En una entrevista al diario El Pa\u00eds de Uruguay, en febrero pasado, Carri\u00f3 opin\u00f3 &#8220;c\u00f3mo cree que terminar\u00e1&#8221; la lucha contra la corrupci\u00f3n kirchnerista.<\/p>\n<p>&nbsp;<\/p>\n<p>\u201cVa a terminar bien. En Estados Unidos tambi\u00e9n un sindicalista pr\u00e1cticamente quiso tomar el pa\u00eds (hace referencia a Jimmy Hoffa, l\u00edder del sindicato de los camioneros acusado de tener v\u00ednculos con la mafia). Moyano es una persona parecida. Argentina no puede seguir en manos de mafias, esta es la batalla que hay que dar, y la tiene que dar el Presidente\u201d, respondi\u00f3.<\/p>\n<p>&nbsp;<\/p>\n<p>Daniel Llermanos, abogado de Hugo Moyano, explic\u00f3 que &#8220;la causa no tiene fiscal porque en primera instancia hab\u00edan considerado que se resolviera entre privados, pero que no era una causa p\u00fablica. Por eso, los querellantes (Hugo y Pablo Moyano) van a oficiar de fiscales y pediremos la citaci\u00f3n a indagatoria de Carri\u00f3 y del Canciller y embajador argentino en Uruguay, donde la legisladora realiz\u00f3 las declaraciones&#8221;.<\/p>\n","protected":false},"excerpt":{"rendered":"<p>Por ese delito y por incitaci\u00f3n a la violencia, la diputada deber\u00e1 responder ante la Justicia. El magistrado hab\u00eda desestimado la denuncia, pero su decisi\u00f3n fue revertida en la instancia superior &nbsp; &nbsp; &nbsp; Por una vez, parece ser que la impunidad verborr\u00e1gica de Carri\u00f3 le va a traer alguna consecuencia. Una denuncia que hab\u00eda sido archivada por el juez Claudio Bonadio en primera instancia deber\u00e1 reflotarse por orden de la C\u00e1mara Criminal y Correccional Federal. La acusaci\u00f3n: incitaci\u00f3n a la violencia y apolog\u00eda del crimen. &nbsp; La Sala II&#8230;<\/p>\n","protected":false},"author":3,"featured_media":29353,"comment_status":"closed","ping_status":"closed","sticky":false,"template":"","format":"standard","meta":[],"categories":[18],"tags":[],"_links":{"self":[{"href":"https:\/\/www.actualidadadiario.com\/index.php\/wp-json\/wp\/v2\/posts\/29352"}],"collection":[{"href":"https:\/\/www.actualidadadiario.com\/index.php\/wp-json\/wp\/v2\/posts"}],"about":[{"href":"https:\/\/www.actualidadadiario.com\/index.php\/wp-json\/wp\/v2\/types\/post"}],"author":[{"embeddable":true,"href":"https:\/\/www.actualidadadiario.com\/index.php\/wp-json\/wp\/v2\/users\/3"}],"replies":[{"embeddable":true,"href":"https:\/\/www.actualidadadiario.com\/index.php\/wp-json\/wp\/v2\/comments?post=29352"}],"version-history":[{"count":1,"href":"https:\/\/www.actualidadadiario.com\/index.php\/wp-json\/wp\/v2\/posts\/29352\/revisions"}],"predecessor-version":[{"id":29354,"href":"https:\/\/www.actualidadadiario.com\/index.php\/wp-json\/wp\/v2\/posts\/29352\/revisions\/29354"}],"wp:featuredmedia":[{"embeddable":true,"href":"https:\/\/www.actualidadadiario.com\/index.php\/wp-json\/wp\/v2\/media\/29353"}],"wp:attachment":[{"href":"https:\/\/www.actualidadadiario.com\/index.php\/wp-json\/wp\/v2\/media?parent=29352"}],"wp:term":[{"taxonomy":"category","embeddable":true,"href":"https:\/\/www.actualidadadiario.com\/index.php\/wp-json\/wp\/v2\/categories?post=29352"},{"taxonomy":"post_tag","embeddable":true,"href":"https:\/\/www.actualidadadiario.com\/index.php\/wp-json\/wp\/v2\/tags?post=29352"}],"curies":[{"name":"wp","href":"https:\/\/api.w.org\/{rel}","templated":true}]}}