{"id":29347,"date":"2018-06-29T09:40:53","date_gmt":"2018-06-29T12:40:53","guid":{"rendered":"https:\/\/www.actualidadadiario.com\/?p=29347"},"modified":"2018-11-06T19:42:50","modified_gmt":"2018-11-06T22:42:50","slug":"esperan-para-junio-una-inflacion-cercana-a-35-el-mayor-nivel-del-ano","status":"publish","type":"post","link":"https:\/\/www.actualidadadiario.com\/index.php\/2018\/06\/29\/esperan-para-junio-una-inflacion-cercana-a-35-el-mayor-nivel-del-ano\/","title":{"rendered":"Esperan para junio una inflaci\u00f3n cercana a 3,5%, el mayor nivel del a\u00f1o"},"content":{"rendered":"<p><em><strong>En el sexto mes de 2018 hubo aumentos en combustibles, transporte y se dio el traslado a precios de la devaluaci\u00f3n, que repercuti\u00f3 sobre todo en los alimentos<\/strong><\/em><\/p>\n<p>&nbsp;<\/p>\n<p>&nbsp;<\/p>\n<p>&nbsp;<\/p>\n<p>De concretarse las estimaciones privadas sobre el IPC de junio se transformar\u00e1 en el mes m\u00e1s fuerte en materia inflaci\u00f3n de lo que va del a\u00f1o. Las consultoras que hacen relevamientos identificaron que el traslado del aumento del d\u00f3lar se sinti\u00f3 de manera fuerte en los alimentos, que sumado a los dem\u00e1s incrementos que se dieron, llevar\u00e1n al IPC entre 3% y 3,5%.<\/p>\n<p>&nbsp;<\/p>\n<p>En junio, el d\u00f3lar sum\u00f3 hasta ayer m\u00e1s de $ 3, desde el valor de $ 25,51 del 31 de mayo hasta el 28,68, es decir, un 12,4%. El impacto en los precios se sinti\u00f3 sobre todo en el rubro de alimentos y bebidas, aseguran los analistas, que registr\u00f3 subas de hasta 4%.<\/p>\n<p>&nbsp;<\/p>\n<p>Este es el \u00edtem m\u00e1s sensible del IPC ya que estos incrementos implican elevar tambi\u00e9n (aunque no de manera lineal) la canasta b\u00e1sica alimentaria, por la que se mide la indigencia, y la total, que marca la l\u00ednea por debajo de la cual una persona es considerada que est\u00e1 dentro de la pobreza.<\/p>\n<p>&nbsp;<\/p>\n<p>En lo que va del a\u00f1o, el IPC marc\u00f3 un 1,8% en enero, 2,4% en febrero, 2,3% en marzo, 2,7% en abril y 2,1% en mayo. Acumula as\u00ed, en cinco meses, un 11,9%. La meta para 2018 (si bien desde el Gobierno hab\u00eda dicho que no hab\u00eda una) es de 27%, con la posibilidad de extenderse hasta 29% sin dar ninguna explicaci\u00f3n al Fondo Monetario Internacional, y por encima de ese porcentaje hay que decir porqu\u00e9, con un margen de hasta 32%, por arriba del cual, cae el programa (hasta revisar medidas).<\/p>\n<p>&nbsp;<\/p>\n<p>&#8220;Para junio la inflaci\u00f3n va a estar en torno al 3,5%. Alimentos se ubic\u00f3 en 4%. Se est\u00e1n empezando a notar los efectos en el corrimiento del tipo de cambio&#8221;, sostuvo Juan Ignacio Paolicchi, de EcoGo. Y agreg\u00f3 que el hecho de que la suba de precios sea elevada en el rubro de alimentos y bebidas &#8220;indica que la core va a ser muy elevada, lo cual es un dato muy negativo en control de la inflaci\u00f3n, en medio de una corrida contra el d\u00f3lar en el que no encuentra un techo&#8221;.<\/p>\n<p>&nbsp;<\/p>\n<p>Vaticin\u00f3 que tambi\u00e9n en julio seguramente se van a dar traslados de precios. &#8220;Hasta que no se estabilice el tipo de cambio es dif\u00edcil saber en cu\u00e1nto va a terminar el a\u00f1o, pero hoy esperamos en torno a 30%, la m\u00e1s elevada desde que est\u00e1 la serie de Jorge Todesca&#8221;.<\/p>\n<p>&nbsp;<\/p>\n<p>Ya el relevamiento de mayo de la evoluci\u00f3n de los precios mayoristas, que arroj\u00f3 una fuerte suba que lleg\u00f3 a 7,5%, anticipa que en el n\u00famero que difunda el Indec del IPC de junio va a repercutir el efecto del aumento del d\u00f3lar con su consecuente pass through.<\/p>\n<p>&nbsp;<\/p>\n<p>El n\u00famero del relevamiento que hacen en Ecolatina arroj\u00f3 un 3,6% en la primera quincena de junio frente a igual per\u00edodo de mayo, se\u00f1al\u00f3 el economista Lorenzo Sigaut Gravina, de esta consultora. Adem\u00e1s dijo que el IPC n\u00facleo y tambi\u00e9n &#8220;alimentos y bebidas&#8221; les da 4%. De esta manera, estiman que la inflaci\u00f3n del sexto mes del a\u00f1o va a ser de 3,5%. &#8220;Ojal\u00e1 cierre junio m\u00e1s cerca de 3%, pero lo veo dif\u00edcil&#8221;, reconoci\u00f3. Para todo 2018 pronostican que llegar\u00e1 a 30%, a fin de a\u00f1o.<\/p>\n<p>&nbsp;<\/p>\n<p>Nuria Susmel, de la Fundaci\u00f3n FIEL, sostuvo que les est\u00e1 dando arriba de 3% el IPC que hacen, que es dentro de la Ciudad de Buenos Aires. A la suba de alimentos que todos los analistas remarcaron agreg\u00f3 los otros rubros en los que hubo aumentos, como transporte y combustibles. Para 2018 dijo que, siendo optimista, le da un 28%.<\/p>\n<p>&nbsp;<\/p>\n<p>Desde Orlando J. Ferreres, el economista Fausto Spotorno dijo que en el n\u00famero que tienen, que a\u00fan es &#8220;muy preliminar&#8221;, les da un 2,5%, con una estimaci\u00f3n para el a\u00f1o de 27%.<\/p>\n<p>&nbsp;<\/p>\n<p>El Indec va a dar a conocer el dato oficial del IPC de junio el pr\u00f3ximo 17 de julio.<\/p>\n","protected":false},"excerpt":{"rendered":"<p>En el sexto mes de 2018 hubo aumentos en combustibles, transporte y se dio el traslado a precios de la devaluaci\u00f3n, que repercuti\u00f3 sobre todo en los alimentos &nbsp; &nbsp; &nbsp; De concretarse las estimaciones privadas sobre el IPC de junio se transformar\u00e1 en el mes m\u00e1s fuerte en materia inflaci\u00f3n de lo que va del a\u00f1o. Las consultoras que hacen relevamientos identificaron que el traslado del aumento del d\u00f3lar se sinti\u00f3 de manera fuerte en los alimentos, que sumado a los dem\u00e1s incrementos que se dieron, llevar\u00e1n al IPC&#8230;<\/p>\n","protected":false},"author":3,"featured_media":27533,"comment_status":"closed","ping_status":"closed","sticky":false,"template":"","format":"standard","meta":[],"categories":[9,2],"tags":[],"_links":{"self":[{"href":"https:\/\/www.actualidadadiario.com\/index.php\/wp-json\/wp\/v2\/posts\/29347"}],"collection":[{"href":"https:\/\/www.actualidadadiario.com\/index.php\/wp-json\/wp\/v2\/posts"}],"about":[{"href":"https:\/\/www.actualidadadiario.com\/index.php\/wp-json\/wp\/v2\/types\/post"}],"author":[{"embeddable":true,"href":"https:\/\/www.actualidadadiario.com\/index.php\/wp-json\/wp\/v2\/users\/3"}],"replies":[{"embeddable":true,"href":"https:\/\/www.actualidadadiario.com\/index.php\/wp-json\/wp\/v2\/comments?post=29347"}],"version-history":[{"count":1,"href":"https:\/\/www.actualidadadiario.com\/index.php\/wp-json\/wp\/v2\/posts\/29347\/revisions"}],"predecessor-version":[{"id":29348,"href":"https:\/\/www.actualidadadiario.com\/index.php\/wp-json\/wp\/v2\/posts\/29347\/revisions\/29348"}],"wp:featuredmedia":[{"embeddable":true,"href":"https:\/\/www.actualidadadiario.com\/index.php\/wp-json\/wp\/v2\/media\/27533"}],"wp:attachment":[{"href":"https:\/\/www.actualidadadiario.com\/index.php\/wp-json\/wp\/v2\/media?parent=29347"}],"wp:term":[{"taxonomy":"category","embeddable":true,"href":"https:\/\/www.actualidadadiario.com\/index.php\/wp-json\/wp\/v2\/categories?post=29347"},{"taxonomy":"post_tag","embeddable":true,"href":"https:\/\/www.actualidadadiario.com\/index.php\/wp-json\/wp\/v2\/tags?post=29347"}],"curies":[{"name":"wp","href":"https:\/\/api.w.org\/{rel}","templated":true}]}}