{"id":29332,"date":"2018-06-29T09:36:41","date_gmt":"2018-06-29T12:36:41","guid":{"rendered":"https:\/\/www.actualidadadiario.com\/?p=29332"},"modified":"2018-11-06T19:42:50","modified_gmt":"2018-11-06T22:42:50","slug":"macri-visita-entre-rios-tras-del-pedido-de-bordet-al-gobierno-para-que-reconozca-sus-errores","status":"publish","type":"post","link":"https:\/\/www.actualidadadiario.com\/index.php\/2018\/06\/29\/macri-visita-entre-rios-tras-del-pedido-de-bordet-al-gobierno-para-que-reconozca-sus-errores\/","title":{"rendered":"Macri visita Entre R\u00edos tras del pedido de Bordet al Gobierno para que reconozca sus errores"},"content":{"rendered":"<p><em><strong>En medio de algunos recientes cuestionamientos del gobernador de Entre R\u00edos, Gustavo Bordet, al Poder Ejecutivo nacional, el presidente Mauricio Macri llegar\u00e1 hoy a la ciudad entrerriana de Basavilbaso para encabezar una inauguraci\u00f3n parcial de la sede del N\u00facleo de Inclusi\u00f3n y Desarrollo de Oportunidades (NIDO)<\/strong><\/em><\/p>\n<p>&nbsp;<\/p>\n<p>&nbsp;<\/p>\n<p>&nbsp;<\/p>\n<p>&nbsp;<\/p>\n<p>El mandatario arribar\u00e1 a la provincia cerca del mediod\u00eda, junto al ministro del Interior, Rogelio Frigerio, y se reunir\u00e1 con el intendente de Basavilbaso, Gustavo Hein, precandidato a gobernador de Cambiemos. Tambi\u00e9n mantendr\u00e1 un encuentro con Bordet, uno de los mandatarios aliados a la Casa Rosada y que sorpresivamente ayer pidi\u00f3 al mandatario que &#8220;se haga cargo de sus errores&#8221;.<\/p>\n<p>&nbsp;<\/p>\n<p>&#8220;Estamos muy preocupados por las variables macroecon\u00f3micas a nivel nacional&#8221;, se\u00f1al\u00f3 el gobernador peronista en referencia a las conversaciones que mantuvo d\u00edas atr\u00e1s con otros mandatarios justicialistas. Y a\u00f1adi\u00f3 que est\u00e1n dispuestos a seguir acompa\u00f1ando al Gobierno nacional en el Congreso para que se sancionen las leyes que necesita para la gesti\u00f3n, sin embargo aclar\u00f3: &#8220;Nosotros no co-gobernamos, el que gobierna es el Gobierno nacional y por lo tanto tiene que hacerse cargo de los errores y resolver los problemas de los argentinos&#8221;.<\/p>\n<p>&nbsp;<\/p>\n<p>En Balcarce 50 se mostraron entre sorprendidos e indiferentes por las declaraciones de Bordet, sobre todo porque llegaron justo un d\u00eda antes de que Macri visite la provincia. &#8220;No hay nada nuevo ni grave en lo que dijo el gobernador&#8221;, apunt\u00f3 una fuente del Ejecutivo nacional. Otro funcionario manifest\u00f3 a este diario que el v\u00ednculo con el mandatario entrerriano &#8220;es muy bueno&#8221; pero &#8220;no deja de ser un dirigente de la oposici\u00f3n y se tiene que diferenciar de alg\u00fan modo&#8221;.<\/p>\n","protected":false},"excerpt":{"rendered":"<p>En medio de algunos recientes cuestionamientos del gobernador de Entre R\u00edos, Gustavo Bordet, al Poder Ejecutivo nacional, el presidente Mauricio Macri llegar\u00e1 hoy a la ciudad entrerriana de Basavilbaso para encabezar una inauguraci\u00f3n parcial de la sede del N\u00facleo de Inclusi\u00f3n y Desarrollo de Oportunidades (NIDO) &nbsp; &nbsp; &nbsp; &nbsp; El mandatario arribar\u00e1 a la provincia cerca del mediod\u00eda, junto al ministro del Interior, Rogelio Frigerio, y se reunir\u00e1 con el intendente de Basavilbaso, Gustavo Hein, precandidato a gobernador de Cambiemos. Tambi\u00e9n mantendr\u00e1 un encuentro con Bordet, uno de los&#8230;<\/p>\n","protected":false},"author":3,"featured_media":29333,"comment_status":"closed","ping_status":"closed","sticky":false,"template":"","format":"standard","meta":[],"categories":[15],"tags":[],"_links":{"self":[{"href":"https:\/\/www.actualidadadiario.com\/index.php\/wp-json\/wp\/v2\/posts\/29332"}],"collection":[{"href":"https:\/\/www.actualidadadiario.com\/index.php\/wp-json\/wp\/v2\/posts"}],"about":[{"href":"https:\/\/www.actualidadadiario.com\/index.php\/wp-json\/wp\/v2\/types\/post"}],"author":[{"embeddable":true,"href":"https:\/\/www.actualidadadiario.com\/index.php\/wp-json\/wp\/v2\/users\/3"}],"replies":[{"embeddable":true,"href":"https:\/\/www.actualidadadiario.com\/index.php\/wp-json\/wp\/v2\/comments?post=29332"}],"version-history":[{"count":1,"href":"https:\/\/www.actualidadadiario.com\/index.php\/wp-json\/wp\/v2\/posts\/29332\/revisions"}],"predecessor-version":[{"id":29334,"href":"https:\/\/www.actualidadadiario.com\/index.php\/wp-json\/wp\/v2\/posts\/29332\/revisions\/29334"}],"wp:featuredmedia":[{"embeddable":true,"href":"https:\/\/www.actualidadadiario.com\/index.php\/wp-json\/wp\/v2\/media\/29333"}],"wp:attachment":[{"href":"https:\/\/www.actualidadadiario.com\/index.php\/wp-json\/wp\/v2\/media?parent=29332"}],"wp:term":[{"taxonomy":"category","embeddable":true,"href":"https:\/\/www.actualidadadiario.com\/index.php\/wp-json\/wp\/v2\/categories?post=29332"},{"taxonomy":"post_tag","embeddable":true,"href":"https:\/\/www.actualidadadiario.com\/index.php\/wp-json\/wp\/v2\/tags?post=29332"}],"curies":[{"name":"wp","href":"https:\/\/api.w.org\/{rel}","templated":true}]}}