{"id":2933,"date":"2016-10-19T09:44:15","date_gmt":"2016-10-19T12:44:15","guid":{"rendered":"http:\/\/actualidadadiario.com\/site\/?p=2933"},"modified":"2016-10-19T09:44:15","modified_gmt":"2016-10-19T12:44:15","slug":"la-resistencia-a-la-evaluacion-se-baso-en-conceptos-politicos-y-prejuicios-ideologicos","status":"publish","type":"post","link":"https:\/\/www.actualidadadiario.com\/index.php\/2016\/10\/19\/la-resistencia-a-la-evaluacion-se-baso-en-conceptos-politicos-y-prejuicios-ideologicos\/","title":{"rendered":"&#8220;La resistencia a la evaluaci\u00f3n se bas\u00f3 en conceptos pol\u00edticos y prejuicios ideol\u00f3gicos&#8221;"},"content":{"rendered":"<p><em><strong>El ministro de Educaci\u00f3n de la Naci\u00f3n, Esteban Bullrich, defendi\u00f3 la evaluaci\u00f3n Aprender y asegur\u00f3 que &#8220;la resistencia a la evaluaci\u00f3n estuvo basada en conceptos pol\u00edticos y prejuicios ideol\u00f3gicos&#8221;<\/strong><\/em><\/p>\n<p>&nbsp;<\/p>\n<p>&nbsp;<\/p>\n<p>&nbsp;<\/p>\n<p>&nbsp;<\/p>\n<p>&#8220;Al trabajo que se hizo ayer le pondr\u00eda un 10, pero estamos lejos de generar una cultura evaluativa. De 1.400.000 alumnos que iban a evaluarse, estamos arriba del 90%&#8221;, asegur\u00f3 en Radio con Vos.<\/p>\n<p>&nbsp;<\/p>\n<p>Respecto a la pol\u00e9mica y la negativa que despert\u00f3 la prueba, ampli\u00f3: &#8220;No estamos evaluando el desempe\u00f1o de los docentes sino el trabajo de los ministros, esto es para evaluarme a m\u00ed. Se invit\u00f3 a los t\u00e9cnicos de los sindicatos y eso no ayud\u00f3 a acercar posiciones. El discurso de los rankings y la penalizaci\u00f3n es falsa y totalmente infundada. Se buscaba alguna excusa para oponerse&#8221;.<\/p>\n<p>&nbsp;<\/p>\n<p>En cuanto a las preguntas de Aprender, afirm\u00f3 que &#8220;analizar preguntas abiertas en 1.400.000 ex\u00e1menes no ser\u00eda algo sencillo. No quise meterme en la construcci\u00f3n de la prueba porque no soy experto en evaluaci\u00f3n&#8221;.<\/p>\n<p>&nbsp;<\/p>\n<p>Finalmente, se refiri\u00f3 al presupuesto educativo y mencion\u00f3: &#8220;No estamos bajando el presupuesto educativo, estamos increment\u00e1ndolo y seguiremos haci\u00e9ndolo. La pobreza no se resuelve s\u00f3lo con planes sociales sino tambi\u00e9n con inversi\u00f3n en educaci\u00f3n. El presupuesto ha crecido sensiblemente, con inversi\u00f3n en las universidades y en investigaci\u00f3n cient\u00edfica&#8221;.<\/p>\n","protected":false},"excerpt":{"rendered":"<p>El ministro de Educaci\u00f3n de la Naci\u00f3n, Esteban Bullrich, defendi\u00f3 la evaluaci\u00f3n Aprender y asegur\u00f3 que &#8220;la resistencia a la evaluaci\u00f3n estuvo basada en conceptos pol\u00edticos y prejuicios ideol\u00f3gicos&#8221; &nbsp; &nbsp; &nbsp; &nbsp; &#8220;Al trabajo que se hizo ayer le pondr\u00eda un 10, pero estamos lejos de generar una cultura evaluativa. De 1.400.000 alumnos que iban a evaluarse, estamos arriba del 90%&#8221;, asegur\u00f3 en Radio con Vos. &nbsp; Respecto a la pol\u00e9mica y la negativa que despert\u00f3 la prueba, ampli\u00f3: &#8220;No estamos evaluando el desempe\u00f1o de los docentes sino el&#8230;<\/p>\n","protected":false},"author":3,"featured_media":2934,"comment_status":"closed","ping_status":"closed","sticky":false,"template":"","format":"standard","meta":[],"categories":[18],"tags":[],"_links":{"self":[{"href":"https:\/\/www.actualidadadiario.com\/index.php\/wp-json\/wp\/v2\/posts\/2933"}],"collection":[{"href":"https:\/\/www.actualidadadiario.com\/index.php\/wp-json\/wp\/v2\/posts"}],"about":[{"href":"https:\/\/www.actualidadadiario.com\/index.php\/wp-json\/wp\/v2\/types\/post"}],"author":[{"embeddable":true,"href":"https:\/\/www.actualidadadiario.com\/index.php\/wp-json\/wp\/v2\/users\/3"}],"replies":[{"embeddable":true,"href":"https:\/\/www.actualidadadiario.com\/index.php\/wp-json\/wp\/v2\/comments?post=2933"}],"version-history":[{"count":1,"href":"https:\/\/www.actualidadadiario.com\/index.php\/wp-json\/wp\/v2\/posts\/2933\/revisions"}],"predecessor-version":[{"id":2935,"href":"https:\/\/www.actualidadadiario.com\/index.php\/wp-json\/wp\/v2\/posts\/2933\/revisions\/2935"}],"wp:featuredmedia":[{"embeddable":true,"href":"https:\/\/www.actualidadadiario.com\/index.php\/wp-json\/wp\/v2\/media\/2934"}],"wp:attachment":[{"href":"https:\/\/www.actualidadadiario.com\/index.php\/wp-json\/wp\/v2\/media?parent=2933"}],"wp:term":[{"taxonomy":"category","embeddable":true,"href":"https:\/\/www.actualidadadiario.com\/index.php\/wp-json\/wp\/v2\/categories?post=2933"},{"taxonomy":"post_tag","embeddable":true,"href":"https:\/\/www.actualidadadiario.com\/index.php\/wp-json\/wp\/v2\/tags?post=2933"}],"curies":[{"name":"wp","href":"https:\/\/api.w.org\/{rel}","templated":true}]}}