{"id":29329,"date":"2018-06-29T09:36:04","date_gmt":"2018-06-29T12:36:04","guid":{"rendered":"https:\/\/www.actualidadadiario.com\/?p=29329"},"modified":"2018-11-06T19:42:50","modified_gmt":"2018-11-06T22:42:50","slug":"giano-repudio-una-nueva-ola-de-despidos","status":"publish","type":"post","link":"https:\/\/www.actualidadadiario.com\/index.php\/2018\/06\/29\/giano-repudio-una-nueva-ola-de-despidos\/","title":{"rendered":"Giano repudi\u00f3 una nueva ola de despidos"},"content":{"rendered":"<p><em><strong>El senador por Concordia y presidente del bloque PJ-FPV, \u00c1ngel Giano, repudi\u00f3 al gobierno de Cambiemos por su pol\u00edtica de despidos masivos, desguace del estado y represi\u00f3n contra las y los trabajadores<\/strong><\/em><\/p>\n<p>&nbsp;<\/p>\n<p>&nbsp;<\/p>\n<p>&nbsp;<\/p>\n<p>&nbsp;<\/p>\n<p>\u201cHan salido a decir cu\u00e1nto dinero se hab\u00eda perdido por los paros, es decir reconocen que los trabajadores generan riqueza cuando les conviene, cuando no, son un costo\u201d sostuvo.\u00a0 Y a\u00f1adi\u00f3: \u201cEso lo hacen de manera evidente y lo han demostrado al echar a casi 400 trabajadores de la Agencia Nacional T\u00e9lam, haci\u00e9ndolos pagar la variable del ajuste. Y seguramente van a seguir, porque prefieren ayudar y beneficiar a las grandes empresas, prefieren ayudar y beneficiar a los capitales extranjeros, y no a los trabajadores\u201d.<\/p>\n<p>&nbsp;<\/p>\n<p>El legislador se\u00f1al\u00f3 que el bloque que preside ha repudiado en varias ocasiones \u201ctodo hecho que atente contra la democracia y contra la constituci\u00f3n\u201d, pero plante\u00f3 la diferencia con el bloque Cambiemos que no ha acompa\u00f1ado estos repudios \u201ccuando hemos denunciado la represi\u00f3n del gobierno nacional contra trabajadores, contra los docentes, por violaci\u00f3n a los derechos humanos con presos sin condena, que afectan a la democracia. O cuando se ha aplicado la doctrina Irurzun para una dirigente sin poder, para ex funcionarios, pero para intendentes o para ministros que tienen acceso a la informaci\u00f3n y que pueden entorpecer causas no hemos escuchado, ni hemos tenido el acompa\u00f1amiento del bloque Cambiemos, cuando son tambi\u00e9n violaciones a los derechos humanos, a la Constituci\u00f3n y a la democracia, y frente a la actitud represiva del gobierno nacional\u201d.<\/p>\n<p>&nbsp;<\/p>\n<p>\u201cTambi\u00e9n repudiamos, no solo a los dirigentes que utilizando un micr\u00f3fono de modo ocasional, afectan y denotan violencia y ataques a la democracia, sino tambi\u00e9n a aquellos dirigentes gremiales que est\u00e1n siendo tenues frente al avasallamiento de los derechos de los trabajadores. Queremos gremios m\u00e1s comprometidos, que no acepten mentirosas paritarias y que no acepten que se conculque ning\u00fan derecho de trabajadoras y trabajadores, queremos ver a la cabeza a los dirigentes que le hagan al gobierno nacional cuanta medida y cuanto paro -leg\u00edtimamente habilitados- para que los derechos de los trabajadores no se conculquen y se deje de beneficiar a los que m\u00e1s tienen, a los grupos econ\u00f3micos concentrados\u201d dijo Giano.<\/p>\n","protected":false},"excerpt":{"rendered":"<p>El senador por Concordia y presidente del bloque PJ-FPV, \u00c1ngel Giano, repudi\u00f3 al gobierno de Cambiemos por su pol\u00edtica de despidos masivos, desguace del estado y represi\u00f3n contra las y los trabajadores &nbsp; &nbsp; &nbsp; &nbsp; \u201cHan salido a decir cu\u00e1nto dinero se hab\u00eda perdido por los paros, es decir reconocen que los trabajadores generan riqueza cuando les conviene, cuando no, son un costo\u201d sostuvo.\u00a0 Y a\u00f1adi\u00f3: \u201cEso lo hacen de manera evidente y lo han demostrado al echar a casi 400 trabajadores de la Agencia Nacional T\u00e9lam, haci\u00e9ndolos pagar&#8230;<\/p>\n","protected":false},"author":3,"featured_media":29330,"comment_status":"closed","ping_status":"closed","sticky":false,"template":"","format":"standard","meta":[],"categories":[15],"tags":[],"_links":{"self":[{"href":"https:\/\/www.actualidadadiario.com\/index.php\/wp-json\/wp\/v2\/posts\/29329"}],"collection":[{"href":"https:\/\/www.actualidadadiario.com\/index.php\/wp-json\/wp\/v2\/posts"}],"about":[{"href":"https:\/\/www.actualidadadiario.com\/index.php\/wp-json\/wp\/v2\/types\/post"}],"author":[{"embeddable":true,"href":"https:\/\/www.actualidadadiario.com\/index.php\/wp-json\/wp\/v2\/users\/3"}],"replies":[{"embeddable":true,"href":"https:\/\/www.actualidadadiario.com\/index.php\/wp-json\/wp\/v2\/comments?post=29329"}],"version-history":[{"count":1,"href":"https:\/\/www.actualidadadiario.com\/index.php\/wp-json\/wp\/v2\/posts\/29329\/revisions"}],"predecessor-version":[{"id":29331,"href":"https:\/\/www.actualidadadiario.com\/index.php\/wp-json\/wp\/v2\/posts\/29329\/revisions\/29331"}],"wp:featuredmedia":[{"embeddable":true,"href":"https:\/\/www.actualidadadiario.com\/index.php\/wp-json\/wp\/v2\/media\/29330"}],"wp:attachment":[{"href":"https:\/\/www.actualidadadiario.com\/index.php\/wp-json\/wp\/v2\/media?parent=29329"}],"wp:term":[{"taxonomy":"category","embeddable":true,"href":"https:\/\/www.actualidadadiario.com\/index.php\/wp-json\/wp\/v2\/categories?post=29329"},{"taxonomy":"post_tag","embeddable":true,"href":"https:\/\/www.actualidadadiario.com\/index.php\/wp-json\/wp\/v2\/tags?post=29329"}],"curies":[{"name":"wp","href":"https:\/\/api.w.org\/{rel}","templated":true}]}}