{"id":29323,"date":"2018-06-29T09:34:44","date_gmt":"2018-06-29T12:34:44","guid":{"rendered":"https:\/\/www.actualidadadiario.com\/?p=29323"},"modified":"2018-11-06T19:42:55","modified_gmt":"2018-11-06T22:42:55","slug":"dirigentes-kirchneristas-disertaran-en-concordia-sobre-la-actualidad-nacional","status":"publish","type":"post","link":"https:\/\/www.actualidadadiario.com\/index.php\/2018\/06\/29\/dirigentes-kirchneristas-disertaran-en-concordia-sobre-la-actualidad-nacional\/","title":{"rendered":"Dirigentes kirchneristas disertar\u00e1n en Concordia sobre la actualidad nacional"},"content":{"rendered":"<p><em><strong>La llegada a Concordia se dar\u00e1 en el marco del aniversario de la Independencia Artiguista. Entre otros estar\u00e1n los ex ministros Carlos Tomada y Alberto Sileoni; qui\u00e9nes estar\u00e1n acompa\u00f1ados de Roberto Feletti y Oscar Trotta<\/strong><\/em><\/p>\n<p>&nbsp;<\/p>\n<p>&nbsp;<\/p>\n<p>&nbsp;<\/p>\n<p>&nbsp;<\/p>\n<p>El arribo a Concordia de los referentes kirchneristas se llevar\u00e1 a cabo el viernes, 29 de junio, en el Centro de Empleados de Comercio &#8211; a partir de las 13 horas &#8211; en lo que promete ser una jornada de reflexi\u00f3n bajo la consigna &#8220;Volvamos a creer&#8221;.<\/p>\n<p>&nbsp;<\/p>\n<p>Las actividades est\u00e1n organizadas por el exgobernador Sergio Urribarri, junto a diversas agrupaciones que integran el espacio pol\u00edtico que conduce Cristina Fern\u00e1ndez de Kirchner.<\/p>\n<p>&nbsp;<\/p>\n<p>&nbsp;<\/p>\n<p><strong>Programa<\/strong><\/p>\n<p>Durante la jornada se abordar\u00e1n tem\u00e1ticas vinculadas a Econom\u00eda, Trabajo, Educaci\u00f3n y Salud, buscando llevar adelante un an\u00e1lisis de la realidad actual del pa\u00eds.<\/p>\n<p>&nbsp;<\/p>\n<p>Seg\u00fan lo adelantado, as\u00ed se llevar\u00e1 adelante el programa:<\/p>\n<p>&nbsp;<\/p>\n<p>&#8211; Apertura del evento a cargo del exgobernador y actual Presidente de la C\u00e1mara de Diputados de Entre R\u00edos, Sergio Urribarri.<\/p>\n<p>&#8211; Homenaje a Jos\u00e9 Gervasio Artigas, a cargo del licenciado Francisco Senegaglia.<\/p>\n<p>&nbsp;<\/p>\n<p>&nbsp;<\/p>\n<p><strong>Disertaciones:<\/strong><\/p>\n<p><strong>Econom\u00eda:<\/strong> La Econom\u00eda en tiempos de Macri. Un antes y un despu\u00e9s, a cargo de Roberto Feletti (exsecretario de Pol\u00edtica Econ\u00f3mica de la Naci\u00f3n y actual secretario de Hacienda de La Matanza).<\/p>\n<p>&nbsp;<\/p>\n<p><strong>Trabajo:<\/strong> Tiempos de reforma: una mirada cr\u00edtica del mundo laboral, a cargo de Carlos Tomada (exministro de Trabajo de la Naci\u00f3n, actual jefe del Bloque Unidad Ciudadana en la Legislatura CABA y director del Centro de Estudios del Trabajo y el Desarrollo de la UNSAM).<\/p>\n<p>&nbsp;<\/p>\n<p><strong>Educaci\u00f3n:<\/strong> Nuestras razones para volver en Educaci\u00f3n, a cargo de Alberto Sileoni (exministro de Educaci\u00f3n de la Naci\u00f3n).<\/p>\n<p>&nbsp;<\/p>\n<p><strong>Salud:<\/strong> La Salud P\u00fablica en tiempos de ajuste, a cargo de Oscar Trotta (director del Instituto Revisor de Pol\u00edticas Sociales y Acceso a la Salud de la Defensor\u00eda del Pueblo de la Ciudad de Buenos Aires).<\/p>\n<p>&nbsp;<\/p>\n<p>Luego se abrir\u00e1 un espacio para preguntas y se proceder\u00e1 a la lectura de un documento final sobre lo abordado durante la jornada.<\/p>\n","protected":false},"excerpt":{"rendered":"<p>La llegada a Concordia se dar\u00e1 en el marco del aniversario de la Independencia Artiguista. Entre otros estar\u00e1n los ex ministros Carlos Tomada y Alberto Sileoni; qui\u00e9nes estar\u00e1n acompa\u00f1ados de Roberto Feletti y Oscar Trotta &nbsp; &nbsp; &nbsp; &nbsp; El arribo a Concordia de los referentes kirchneristas se llevar\u00e1 a cabo el viernes, 29 de junio, en el Centro de Empleados de Comercio &#8211; a partir de las 13 horas &#8211; en lo que promete ser una jornada de reflexi\u00f3n bajo la consigna &#8220;Volvamos a creer&#8221;. &nbsp; Las actividades est\u00e1n&#8230;<\/p>\n","protected":false},"author":3,"featured_media":29324,"comment_status":"closed","ping_status":"closed","sticky":false,"template":"","format":"standard","meta":[],"categories":[15],"tags":[],"_links":{"self":[{"href":"https:\/\/www.actualidadadiario.com\/index.php\/wp-json\/wp\/v2\/posts\/29323"}],"collection":[{"href":"https:\/\/www.actualidadadiario.com\/index.php\/wp-json\/wp\/v2\/posts"}],"about":[{"href":"https:\/\/www.actualidadadiario.com\/index.php\/wp-json\/wp\/v2\/types\/post"}],"author":[{"embeddable":true,"href":"https:\/\/www.actualidadadiario.com\/index.php\/wp-json\/wp\/v2\/users\/3"}],"replies":[{"embeddable":true,"href":"https:\/\/www.actualidadadiario.com\/index.php\/wp-json\/wp\/v2\/comments?post=29323"}],"version-history":[{"count":1,"href":"https:\/\/www.actualidadadiario.com\/index.php\/wp-json\/wp\/v2\/posts\/29323\/revisions"}],"predecessor-version":[{"id":29325,"href":"https:\/\/www.actualidadadiario.com\/index.php\/wp-json\/wp\/v2\/posts\/29323\/revisions\/29325"}],"wp:featuredmedia":[{"embeddable":true,"href":"https:\/\/www.actualidadadiario.com\/index.php\/wp-json\/wp\/v2\/media\/29324"}],"wp:attachment":[{"href":"https:\/\/www.actualidadadiario.com\/index.php\/wp-json\/wp\/v2\/media?parent=29323"}],"wp:term":[{"taxonomy":"category","embeddable":true,"href":"https:\/\/www.actualidadadiario.com\/index.php\/wp-json\/wp\/v2\/categories?post=29323"},{"taxonomy":"post_tag","embeddable":true,"href":"https:\/\/www.actualidadadiario.com\/index.php\/wp-json\/wp\/v2\/tags?post=29323"}],"curies":[{"name":"wp","href":"https:\/\/api.w.org\/{rel}","templated":true}]}}