{"id":29320,"date":"2018-06-29T09:34:06","date_gmt":"2018-06-29T12:34:06","guid":{"rendered":"https:\/\/www.actualidadadiario.com\/?p=29320"},"modified":"2018-11-06T19:42:55","modified_gmt":"2018-11-06T22:42:55","slug":"mas-de-96-000-entrerrianos-ya-se-vacunaron-contra-la-gripe","status":"publish","type":"post","link":"https:\/\/www.actualidadadiario.com\/index.php\/2018\/06\/29\/mas-de-96-000-entrerrianos-ya-se-vacunaron-contra-la-gripe\/","title":{"rendered":"M\u00e1s de 96.000 entrerrianos ya se vacunaron contra la gripe"},"content":{"rendered":"<p><em><strong>En el marco de la campa\u00f1a de invierno, que finalizar\u00e1 en agosto, la vacunaci\u00f3n antigripal ya alcanz\u00f3 a 96.181 entrerrianos. A mediados de julio se implementar\u00e1n acciones en terreno para reforzar la inmunizaci\u00f3n de los grupos de menor cobertura: embarazadas y chicos de entre 6 meses y 2 a\u00f1os<\/strong><\/em><\/p>\n<p>&nbsp;<\/p>\n<p>&nbsp;<\/p>\n<p>&nbsp;<\/p>\n<p>&nbsp;<\/p>\n<p>En el transcurso de la puesta en marcha de la campa\u00f1a de invierno, una estrategia que trabaja sobre la organizaci\u00f3n de los servicios y la atenci\u00f3n diferenciada para reducir complicaciones por enfermedades respiratorias con intervenciones oportunas, avanza en la provincia la vacunaci\u00f3n antigripal. En este sentido ya fueron inmunizados 96.181 entrerrianos que pertenecen a la poblaci\u00f3n objetivo: personal de salud; personal esencial (Poder Ejecutivo, tomadores de decisiones, polic\u00eda, bomberos, fuerzas armadas y gendarmer\u00eda); chicos de 6 a 24 meses; embarazadas y pu\u00e9rperas hasta diez d\u00edas de nacido el beb\u00e9; adultos mayores de 65 a\u00f1os; pacientes de 2 a 64 a\u00f1os con enfermedades cr\u00f3nicas que necesitan orden m\u00e9dica para vacunarse.<\/p>\n<p>&nbsp;<\/p>\n<p>La responsable del Programa Ampliado de Inmunizaciones (PAI), Albana Gavini, destac\u00f3 que \u201cla vacunaci\u00f3n antigripal avanza a buen ritmo, teniendo en cuenta que la campa\u00f1a es de marzo a agosto y se aplican las dosis a los grupos ya definidos seg\u00fan los criterios de gravedad, los mismos desde 2010\u201d.<\/p>\n<p>&nbsp;<\/p>\n<p>La profesional record\u00f3 que la mencionada vacuna \u201cest\u00e1 incorporada al calendario regular en ni\u00f1os y embarazadas y prosigue la inmunizaci\u00f3n hasta diciembre, que es cuando vence la estacional\u201d. Asimismo estim\u00f3 que &#8220;a mediados de julio, cada efector p\u00fablico seg\u00fan las coberturas realizadas en su poblaci\u00f3n objetivo, implementar\u00e1 las acciones en terreno pertinentes para poder captar a los chicos y embarazadas a\u00fan no vacunados&#8221;.<\/p>\n<p>&nbsp;<\/p>\n<p>Gavini analiz\u00f3: \u201cEl personal de salud, el grupo etario de 2 a 64 a\u00f1os y los mayores de 65 a\u00f1os llegan al porcentaje deseado del 95 por ciento en buen t\u00e9rmino\u201d.<\/p>\n<p>&nbsp;<\/p>\n<p>En torno a las cifras la funcionaria indic\u00f3 que \u201cfueron aplicadas 10.922 dosis en el personal de salud, 5.300 en embarazadas, 13.654 en chicos entre 6 meses y dos a\u00f1os y 23.304 en mayores de 65 a\u00f1os\u201d. Y agreg\u00f3 que es importante reforzar la necesidad de cumplimentar con la vacuna del calendario regular \u201cante un clima con fr\u00edos intensos y repentinos\u201d.<\/p>\n<p>&nbsp;<\/p>\n<p>Teniendo en cuenta que la campa\u00f1a es hasta fines de agosto, quien no se vacun\u00f3 est\u00e1 a tiempo y Salud dispone del insumo tanto para adultos y ni\u00f1os en cada uno de los vacunatorios.<\/p>\n<p>&nbsp;<\/p>\n<p>&nbsp;<\/p>\n<p><strong>Calendario nacional<\/strong><\/p>\n<p>El esquema nacional de vacunaci\u00f3n dispone de 19 vacunas del calendario obligatorio y gratuito. En ese sentido, cada a\u00f1o la provincia, a trav\u00e9s del PAI, planifica y dise\u00f1a la estrategia de inmunizaci\u00f3n para el a\u00f1o siguiente.<\/p>\n<p>&nbsp;<\/p>\n<p>Gavini explic\u00f3 que la vacuna antimeningoc\u00f3ccica, que protege de enfermedades como la meningitis, \u201cfue incorporada en 2016 y se inici\u00f3 la inoculaci\u00f3n en enero de 2017 a los menores de 1 a\u00f1o con tres dosis (tres, cinco y un refuerzo a los 15 meses de edad) y en junio de ese mismo a\u00f1o se aplic\u00f3 la estrategia en los chicos de 11 a\u00f1os\u201d. Y referenci\u00f3 que actualmente Entre R\u00edos est\u00e1 a la espera de la llegada de las dosis de vacuna antimeningoc\u00f3ccica que env\u00eda el Ministerio de Salud de la Naci\u00f3n y est\u00e1 prevista la log\u00edstica de distribuci\u00f3n de las mismas.<\/p>\n","protected":false},"excerpt":{"rendered":"<p>En el marco de la campa\u00f1a de invierno, que finalizar\u00e1 en agosto, la vacunaci\u00f3n antigripal ya alcanz\u00f3 a 96.181 entrerrianos. A mediados de julio se implementar\u00e1n acciones en terreno para reforzar la inmunizaci\u00f3n de los grupos de menor cobertura: embarazadas y chicos de entre 6 meses y 2 a\u00f1os &nbsp; &nbsp; &nbsp; &nbsp; En el transcurso de la puesta en marcha de la campa\u00f1a de invierno, una estrategia que trabaja sobre la organizaci\u00f3n de los servicios y la atenci\u00f3n diferenciada para reducir complicaciones por enfermedades respiratorias con intervenciones oportunas, avanza&#8230;<\/p>\n","protected":false},"author":3,"featured_media":29321,"comment_status":"closed","ping_status":"closed","sticky":false,"template":"","format":"standard","meta":[],"categories":[15],"tags":[],"_links":{"self":[{"href":"https:\/\/www.actualidadadiario.com\/index.php\/wp-json\/wp\/v2\/posts\/29320"}],"collection":[{"href":"https:\/\/www.actualidadadiario.com\/index.php\/wp-json\/wp\/v2\/posts"}],"about":[{"href":"https:\/\/www.actualidadadiario.com\/index.php\/wp-json\/wp\/v2\/types\/post"}],"author":[{"embeddable":true,"href":"https:\/\/www.actualidadadiario.com\/index.php\/wp-json\/wp\/v2\/users\/3"}],"replies":[{"embeddable":true,"href":"https:\/\/www.actualidadadiario.com\/index.php\/wp-json\/wp\/v2\/comments?post=29320"}],"version-history":[{"count":1,"href":"https:\/\/www.actualidadadiario.com\/index.php\/wp-json\/wp\/v2\/posts\/29320\/revisions"}],"predecessor-version":[{"id":29322,"href":"https:\/\/www.actualidadadiario.com\/index.php\/wp-json\/wp\/v2\/posts\/29320\/revisions\/29322"}],"wp:featuredmedia":[{"embeddable":true,"href":"https:\/\/www.actualidadadiario.com\/index.php\/wp-json\/wp\/v2\/media\/29321"}],"wp:attachment":[{"href":"https:\/\/www.actualidadadiario.com\/index.php\/wp-json\/wp\/v2\/media?parent=29320"}],"wp:term":[{"taxonomy":"category","embeddable":true,"href":"https:\/\/www.actualidadadiario.com\/index.php\/wp-json\/wp\/v2\/categories?post=29320"},{"taxonomy":"post_tag","embeddable":true,"href":"https:\/\/www.actualidadadiario.com\/index.php\/wp-json\/wp\/v2\/tags?post=29320"}],"curies":[{"name":"wp","href":"https:\/\/api.w.org\/{rel}","templated":true}]}}