{"id":29317,"date":"2018-06-29T09:33:22","date_gmt":"2018-06-29T12:33:22","guid":{"rendered":"https:\/\/www.actualidadadiario.com\/?p=29317"},"modified":"2018-11-06T19:42:55","modified_gmt":"2018-11-06T22:42:55","slug":"se-lanza-la-marca-colectiva-de-economia-social-manos-entrerrianas","status":"publish","type":"post","link":"https:\/\/www.actualidadadiario.com\/index.php\/2018\/06\/29\/se-lanza-la-marca-colectiva-de-economia-social-manos-entrerrianas\/","title":{"rendered":"Se lanza la marca colectiva de econom\u00eda social Manos Entrerrianas"},"content":{"rendered":"<p><em><strong>El gobierno provincial, a trav\u00e9s del Ministerio Desarrollo Social, presenta oficialmente la marca Manos Entrerrianas, iniciativa que pone en valor la producci\u00f3n de la econom\u00eda social. Esta estrategia de comercializaci\u00f3n nuclea a m\u00e1s de 100 emprendedores entrerrianos<\/strong><\/em><\/p>\n<p>&nbsp;<\/p>\n<p>&nbsp;<\/p>\n<p>&nbsp;<\/p>\n<p>Este viernes 29 de junio a las 9.30 se realizar\u00e1 el acto de lanzamiento oficial de la marca Manos Entrerrianas, en el Centro Provincial de Convenciones.<\/p>\n<p>&nbsp;<\/p>\n<p>Esta propuesta fue creada para poner en valor la econom\u00eda social, el comercio justo y el consumo responsable, facilitando los procesos de comercializaci\u00f3n de productos y servicios entrerrianos. Manos Entrerrianas es un sello para distinguir, visibilizar, apoyar y afianzar las producciones de nuestra provincia.<\/p>\n<p>&nbsp;<\/p>\n<p>En ese camino, el Estado provincial genera instancias de capacitaci\u00f3n, acompa\u00f1amiento, fomento del asociativismo, apoyo crediticio-productivo y espacios de feria, que generaron las condiciones para esta iniciativa.<\/p>\n<p>&nbsp;<\/p>\n<p>La titular del Ministerio de Desarrollo Social, Laura Stratta, se\u00f1al\u00f3: \u201cPara nosotros es una alegr\u00eda poder presentar a toda la provincia esta marca colectiva, es fruto del trabajo mancomunado que realizamos con los emprendedores, a partir de la definici\u00f3n pol\u00edtica de nuestro gobernador Gustavo Bordet, de potenciar la econom\u00eda social y los valores que promueve\u201d. Adem\u00e1s, sostuvo, \u201cpara esta etapa se realiz\u00f3 una importante inversi\u00f3n.<\/p>\n<p>Queremos continuar fortaleciendo espacios de comercio justo que permitan la puesta en valor de estos productos de alt\u00edsima calidad, que tienen impresos el amor y el compromiso de tantos entrerrianos que forjan un presente y un futuro mejor para la provincia\u201d.<\/p>\n<p>&nbsp;<\/p>\n<p>&nbsp;<\/p>\n<p><strong>De toda la provincia<\/strong><\/p>\n<p>En Manos Entrerrianas participan emprendedores de diferentes localidades de la provincia como Paran\u00e1, Concordia, Villaguay, San Salvador, Santa Elena, Feliciano, Federal, Victoria, Gualeguaych\u00fa, Concepci\u00f3n del Uruguay, Villa Mantero, Diamante, Aldea Eingenfeld, La Criolla, Los Charr\u00faas, Bovril, San Gustavo y Nogoy\u00e1.<\/p>\n<p>&nbsp;<\/p>\n<p>Con una inversi\u00f3n total de ochocientos noventa mil pesos, se desarroll\u00f3 esta propuesta que re\u00fane hasta el momento diversos rubros: alimentos, producci\u00f3n, carpinter\u00eda, indumentaria, servicios y productos personalizados.<\/p>\n<p>&nbsp;<\/p>\n<p>Luego del desarrollo de diferentes etapas que se llevaron adelante de manera articulada entre el Estado provincial y los emprendedores, se puso en marcha un proyecto de comunicaci\u00f3n integral para potenciar y posicionar esta marca colectiva. Se cre\u00f3 el sitio web www.manosentrerrianas.com.ar que cuenta con espacio personal para cada emprendedor, se trabaj\u00f3 desde el dise\u00f1o gr\u00e1fico en el desarrollo de logos, etiquetas, folleter\u00eda y merchandising.<\/p>\n<p>&nbsp;<\/p>\n<p>Adem\u00e1s se llev\u00f3 adelante la producci\u00f3n de spots audiovisuales y fotograf\u00eda. Parte de esas producciones se dar\u00e1n a conocer durante el lanzamiento.<\/p>\n<p>&nbsp;<\/p>\n<p>&nbsp;<\/p>\n<p><strong>Rubros<\/strong><\/p>\n<p>Los rubros que se pueden encontrar en Manos Entrerrianas son:<\/p>\n<p>\u2014Alimentos: Dulces artesanales, panificados, miel, nueces, quesos, vinos, aceites, alfajores, quesos.<\/p>\n<p>\u2014Producci\u00f3n: vitrofusion, cer\u00e1micas, revestimentos y productos de pre moldeado de hormig\u00f3n, orfebrer\u00eda, bombillas y mates, talabarter\u00eda, ladrillo tradicional y de premoldeado, cer\u00e1micas, kokedamas, pines, chulengos, lombricompuesto.<\/p>\n<p>\u2014Carpinter\u00eda: juguetes, sillones, artesan\u00edas y accesorios para oficina en madera.<\/p>\n<p>\u2014Indumentaria: indumentaria infantil, masculina y femenina, deportiva, de mascotas, hilados artesanales, tejidos al crochet, carteras, bolsos, alpargatas, zapatos, bijouterie y otra confeccionada por cooperativas textiles.<\/p>\n<p>\u2014Servicios: mantenimiento, construcci\u00f3n, arreglo de instrumentos, luthiers, entre otros.<\/p>\n<p>\u2014Productos Personalizados.<\/p>\n","protected":false},"excerpt":{"rendered":"<p>El gobierno provincial, a trav\u00e9s del Ministerio Desarrollo Social, presenta oficialmente la marca Manos Entrerrianas, iniciativa que pone en valor la producci\u00f3n de la econom\u00eda social. Esta estrategia de comercializaci\u00f3n nuclea a m\u00e1s de 100 emprendedores entrerrianos &nbsp; &nbsp; &nbsp; Este viernes 29 de junio a las 9.30 se realizar\u00e1 el acto de lanzamiento oficial de la marca Manos Entrerrianas, en el Centro Provincial de Convenciones. &nbsp; Esta propuesta fue creada para poner en valor la econom\u00eda social, el comercio justo y el consumo responsable, facilitando los procesos de comercializaci\u00f3n&#8230;<\/p>\n","protected":false},"author":3,"featured_media":29318,"comment_status":"closed","ping_status":"closed","sticky":false,"template":"","format":"standard","meta":[],"categories":[15],"tags":[],"_links":{"self":[{"href":"https:\/\/www.actualidadadiario.com\/index.php\/wp-json\/wp\/v2\/posts\/29317"}],"collection":[{"href":"https:\/\/www.actualidadadiario.com\/index.php\/wp-json\/wp\/v2\/posts"}],"about":[{"href":"https:\/\/www.actualidadadiario.com\/index.php\/wp-json\/wp\/v2\/types\/post"}],"author":[{"embeddable":true,"href":"https:\/\/www.actualidadadiario.com\/index.php\/wp-json\/wp\/v2\/users\/3"}],"replies":[{"embeddable":true,"href":"https:\/\/www.actualidadadiario.com\/index.php\/wp-json\/wp\/v2\/comments?post=29317"}],"version-history":[{"count":1,"href":"https:\/\/www.actualidadadiario.com\/index.php\/wp-json\/wp\/v2\/posts\/29317\/revisions"}],"predecessor-version":[{"id":29319,"href":"https:\/\/www.actualidadadiario.com\/index.php\/wp-json\/wp\/v2\/posts\/29317\/revisions\/29319"}],"wp:featuredmedia":[{"embeddable":true,"href":"https:\/\/www.actualidadadiario.com\/index.php\/wp-json\/wp\/v2\/media\/29318"}],"wp:attachment":[{"href":"https:\/\/www.actualidadadiario.com\/index.php\/wp-json\/wp\/v2\/media?parent=29317"}],"wp:term":[{"taxonomy":"category","embeddable":true,"href":"https:\/\/www.actualidadadiario.com\/index.php\/wp-json\/wp\/v2\/categories?post=29317"},{"taxonomy":"post_tag","embeddable":true,"href":"https:\/\/www.actualidadadiario.com\/index.php\/wp-json\/wp\/v2\/tags?post=29317"}],"curies":[{"name":"wp","href":"https:\/\/api.w.org\/{rel}","templated":true}]}}