{"id":2930,"date":"2016-10-19T09:43:32","date_gmt":"2016-10-19T12:43:32","guid":{"rendered":"http:\/\/actualidadadiario.com\/site\/?p=2930"},"modified":"2016-10-19T09:43:32","modified_gmt":"2016-10-19T12:43:32","slug":"stanley-recibe-a-movimientos-sociales-para-evitar-complicaciones-de-fin-de-ano","status":"publish","type":"post","link":"https:\/\/www.actualidadadiario.com\/index.php\/2016\/10\/19\/stanley-recibe-a-movimientos-sociales-para-evitar-complicaciones-de-fin-de-ano\/","title":{"rendered":"Stanley recibe a movimientos sociales para evitar complicaciones de fin de a\u00f1o"},"content":{"rendered":"<p><em><strong>La ministra de Desarrollo Social de la Naci\u00f3n, Carolina Stanley, encabezar\u00e1 esta tarde la otra reuni\u00f3n clave del Gobierno: desde las 15 liderar\u00e1 una reuni\u00f3n tripartita con representantes de movimientos sociales y de la Iglesia para atender reclamos de los sectores m\u00e1s desprotegidos y as\u00ed evitar complicaciones de fin de a\u00f1o<\/strong><\/em><\/p>\n<p>&nbsp;<\/p>\n<p>&nbsp;<\/p>\n<p>&nbsp;<\/p>\n<p>&nbsp;<\/p>\n<p>&nbsp;<\/p>\n<p>El obispo de Merlo-Moreno, Fernando Maletti, ya confirm\u00f3 su asistencia al encuentro, que comenzar\u00e1 en la sede de la cartera nacional ubicada en 9 de Julio y Moreno. Maletti, quien fue durante a\u00f1os p\u00e1rroco en el Santuario de San Cayetano, en el barrio porte\u00f1o de Liniers, ahora es obispo de esa zona caliente del conurbano, adonde lleg\u00f3 desde R\u00edo Negro, designado por el Papa Francisco.<\/p>\n<p>&nbsp;<\/p>\n<p>Por parte de las organizaciones participar\u00e1n referentes de Barrios de Pie (BP), la Confederaci\u00f3n de los Trabajadores de la Econom\u00eda Popular (CTEP) y la Corriente Clasista Combativa (CCC).<\/p>\n<p>&nbsp;<\/p>\n<p>En principio la reuni\u00f3n fue pautada para las 11, pero a esa misma hora en Casa Rosada funcionarios nacionales recibir\u00e1n a la c\u00fapula de la CGT y a seis c\u00e1maras empresariales para definir las mejoras salariales que compensen la inflaci\u00f3n anual.<\/p>\n<p>&nbsp;<\/p>\n<p>Aunque la atenci\u00f3n estar\u00e1 puesta en el resultado del c\u00f3nclave en el Museo del Bicentenario, en Desarrollo Social los reclamos tambi\u00e9n pasar\u00e1n porque el bono de fin de a\u00f1o para los beneficiarios de la AUH y un aguinaldo social para los cooperativistas en planes de empleo, adem\u00e1s de la declaraci\u00f3n de &#8220;emergencia social&#8221;, adelant\u00f3 Daniel Men\u00e9ndez, de Barrios de Pie.<\/p>\n<p>&nbsp;<\/p>\n<p>&#8220;Vamos a reunirnos con la ministra para discutir sobre la situaci\u00f3n social y hacerle llegar nuestro diagn\u00f3stico de que el bono de $ 1.000 ofrecido por el Gobierno es completamente insuficiente&#8221;, explic\u00f3 el coordinador nacional de BP.<\/p>\n<p>&nbsp;<\/p>\n<p>&#8220;Lo que vamos a solicitar es un bono $ 1.000, pero para cada uno de los ni\u00f1os y ni\u00f1as que perciben la Asignaci\u00f3n Universal por Hijo; y aguinaldo social para las cooperativas, sector que nuclea a una gran magnitud de trabajadores que siempre quedan por fuera de las discusiones salariales convocadas por el Gobierno&#8221;, remarc\u00f3 Men\u00e9ndez. De no satisfacer su bater\u00eda de reclamos, estas organizaciones no descartan pedir bolsones de alimentos a los supermercados.<\/p>\n<p>&nbsp;<\/p>\n<p>Por su parte, el l\u00edder de la CCC, Juan Carlos Alderete, asegur\u00f3 en di\u00e1logo con Radio 10 que &#8220;el problema social creci\u00f3 enormemente&#8221; en los \u00faltimos meses. &#8220;El primer empleo es un circuito que nos preocupa. Se aprovechan porque la situaci\u00f3n social se ha agravado&#8221;, alert\u00f3 el dirigente social.<\/p>\n<p>&nbsp;<\/p>\n<p>Alderete confirm\u00f3 que apoyar\u00e1 la huelga nacional prevista para el pr\u00f3ximo viernes 28 de octubre, que planean gremios d\u00edscolos de la CGT, como La Bancaria. &#8220;Vamos a acompa\u00f1ar el paro del 28, somos parte del movimiento obrero&#8221;, dijo, y anticip\u00f3 que la CCC y otras organizaciones sociales &#8220;estamos preparando una marcha de campesinos para el 15 de noviembre&#8221;.<\/p>\n","protected":false},"excerpt":{"rendered":"<p>La ministra de Desarrollo Social de la Naci\u00f3n, Carolina Stanley, encabezar\u00e1 esta tarde la otra reuni\u00f3n clave del Gobierno: desde las 15 liderar\u00e1 una reuni\u00f3n tripartita con representantes de movimientos sociales y de la Iglesia para atender reclamos de los sectores m\u00e1s desprotegidos y as\u00ed evitar complicaciones de fin de a\u00f1o &nbsp; &nbsp; &nbsp; &nbsp; &nbsp; El obispo de Merlo-Moreno, Fernando Maletti, ya confirm\u00f3 su asistencia al encuentro, que comenzar\u00e1 en la sede de la cartera nacional ubicada en 9 de Julio y Moreno. Maletti, quien fue durante a\u00f1os p\u00e1rroco&#8230;<\/p>\n","protected":false},"author":3,"featured_media":2931,"comment_status":"closed","ping_status":"closed","sticky":false,"template":"","format":"standard","meta":[],"categories":[2],"tags":[],"_links":{"self":[{"href":"https:\/\/www.actualidadadiario.com\/index.php\/wp-json\/wp\/v2\/posts\/2930"}],"collection":[{"href":"https:\/\/www.actualidadadiario.com\/index.php\/wp-json\/wp\/v2\/posts"}],"about":[{"href":"https:\/\/www.actualidadadiario.com\/index.php\/wp-json\/wp\/v2\/types\/post"}],"author":[{"embeddable":true,"href":"https:\/\/www.actualidadadiario.com\/index.php\/wp-json\/wp\/v2\/users\/3"}],"replies":[{"embeddable":true,"href":"https:\/\/www.actualidadadiario.com\/index.php\/wp-json\/wp\/v2\/comments?post=2930"}],"version-history":[{"count":1,"href":"https:\/\/www.actualidadadiario.com\/index.php\/wp-json\/wp\/v2\/posts\/2930\/revisions"}],"predecessor-version":[{"id":2932,"href":"https:\/\/www.actualidadadiario.com\/index.php\/wp-json\/wp\/v2\/posts\/2930\/revisions\/2932"}],"wp:featuredmedia":[{"embeddable":true,"href":"https:\/\/www.actualidadadiario.com\/index.php\/wp-json\/wp\/v2\/media\/2931"}],"wp:attachment":[{"href":"https:\/\/www.actualidadadiario.com\/index.php\/wp-json\/wp\/v2\/media?parent=2930"}],"wp:term":[{"taxonomy":"category","embeddable":true,"href":"https:\/\/www.actualidadadiario.com\/index.php\/wp-json\/wp\/v2\/categories?post=2930"},{"taxonomy":"post_tag","embeddable":true,"href":"https:\/\/www.actualidadadiario.com\/index.php\/wp-json\/wp\/v2\/tags?post=2930"}],"curies":[{"name":"wp","href":"https:\/\/api.w.org\/{rel}","templated":true}]}}