{"id":29299,"date":"2018-06-28T10:45:24","date_gmt":"2018-06-28T13:45:24","guid":{"rendered":"https:\/\/www.actualidadadiario.com\/?p=29299"},"modified":"2018-11-06T19:42:55","modified_gmt":"2018-11-06T22:42:55","slug":"uruguay-la-proxima-semana-comenzara-a-venderse-yerba-mate-con-marihuana","status":"publish","type":"post","link":"https:\/\/www.actualidadadiario.com\/index.php\/2018\/06\/28\/uruguay-la-proxima-semana-comenzara-a-venderse-yerba-mate-con-marihuana\/","title":{"rendered":"Uruguay: la pr\u00f3xima semana comenzar\u00e1 a venderse yerba mate con marihuana"},"content":{"rendered":"<p><em><strong>Los productos, que contienen agregados de cannabis, hab\u00edan sido retirados de las g\u00f3ndolas en mayo de 2017 luego de que el MSP advirtiera que ambas yerbas no contaban con la habilitaci\u00f3n necesaria para ser comercializadas<\/strong><\/em><\/p>\n<p>&nbsp;<\/p>\n<p>&nbsp;<\/p>\n<p>&nbsp;<\/p>\n<p>&nbsp;<\/p>\n<p>Poco m\u00e1s de un a\u00f1o despu\u00e9s, tras los an\u00e1lisis correspondientes, volver\u00e1n al mercado. Seg\u00fan inform\u00f3 Pablo Riveiro, representante de ambas marcas, los productos llegar\u00e1n a las g\u00f3ndolas entre el 2 y el 6 de julio. Un cambio en el empaquetado llev\u00f3 a que la salida al mercado demorara un poco m\u00e1s. El paquete llevar\u00e1 en su dise\u00f1o unas hojas de marihuana, lo que la har\u00e1 f\u00e1cilmente identificable.<\/p>\n<p>&nbsp;<\/p>\n<p>El precio del kilo al p\u00fablico, seg\u00fan un vocero de La Abuelita, rondar\u00e1 los $ 200, un 10% m\u00e1s que la yerba tradicional.<\/p>\n<p>&nbsp;<\/p>\n<p>&nbsp;<\/p>\n<p><strong>No psicoactivo<\/strong><\/p>\n<p>De acuerdo a Riveiro, la habilitaci\u00f3n final por parte de la cartera demuestra que los productos est\u00e1n \u201cdentro de la normativa\u201d marcada por el MSP.<\/p>\n<p>&nbsp;<\/p>\n<p>Explic\u00f3 que el producto no tiene un efecto psicoactivo debido a que no contiene THC (tetrahidrocannabinol). Sin embargo, la yerba s\u00ed aportar\u00e1 los efectos propios del cannabidiol, un extracto que se encuentra en el 40% de la planta de cannabis.<\/p>\n<p>&nbsp;<\/p>\n<p>Hace un a\u00f1o, cuando se anunci\u00f3 que saldr\u00edan a la venta esas yerbas, Riveiro recibi\u00f3 varias consultas tanto de personas que residen en Uruguay como en el exterior, por lo que desde las empresas La Abuelita y Cosentina prev\u00e9n que ser\u00e1 bien recibida por los uruguayos.<\/p>\n<p>&nbsp;<\/p>\n<p>Para la producci\u00f3n del cannabis no psicoactivo utilizado para la elaboraci\u00f3n del producto, se tuvo en cuenta el posible aumento de la demanda, por lo que ambas empresas cuentan con la posibilidad de incrementar la producci\u00f3n de esa planta en caso de que crezca el inter\u00e9s de los consumidores, informaron.<\/p>\n","protected":false},"excerpt":{"rendered":"<p>Los productos, que contienen agregados de cannabis, hab\u00edan sido retirados de las g\u00f3ndolas en mayo de 2017 luego de que el MSP advirtiera que ambas yerbas no contaban con la habilitaci\u00f3n necesaria para ser comercializadas &nbsp; &nbsp; &nbsp; &nbsp; Poco m\u00e1s de un a\u00f1o despu\u00e9s, tras los an\u00e1lisis correspondientes, volver\u00e1n al mercado. Seg\u00fan inform\u00f3 Pablo Riveiro, representante de ambas marcas, los productos llegar\u00e1n a las g\u00f3ndolas entre el 2 y el 6 de julio. Un cambio en el empaquetado llev\u00f3 a que la salida al mercado demorara un poco m\u00e1s&#8230;.<\/p>\n","protected":false},"author":3,"featured_media":29300,"comment_status":"closed","ping_status":"closed","sticky":false,"template":"","format":"standard","meta":[],"categories":[4],"tags":[],"_links":{"self":[{"href":"https:\/\/www.actualidadadiario.com\/index.php\/wp-json\/wp\/v2\/posts\/29299"}],"collection":[{"href":"https:\/\/www.actualidadadiario.com\/index.php\/wp-json\/wp\/v2\/posts"}],"about":[{"href":"https:\/\/www.actualidadadiario.com\/index.php\/wp-json\/wp\/v2\/types\/post"}],"author":[{"embeddable":true,"href":"https:\/\/www.actualidadadiario.com\/index.php\/wp-json\/wp\/v2\/users\/3"}],"replies":[{"embeddable":true,"href":"https:\/\/www.actualidadadiario.com\/index.php\/wp-json\/wp\/v2\/comments?post=29299"}],"version-history":[{"count":1,"href":"https:\/\/www.actualidadadiario.com\/index.php\/wp-json\/wp\/v2\/posts\/29299\/revisions"}],"predecessor-version":[{"id":29301,"href":"https:\/\/www.actualidadadiario.com\/index.php\/wp-json\/wp\/v2\/posts\/29299\/revisions\/29301"}],"wp:featuredmedia":[{"embeddable":true,"href":"https:\/\/www.actualidadadiario.com\/index.php\/wp-json\/wp\/v2\/media\/29300"}],"wp:attachment":[{"href":"https:\/\/www.actualidadadiario.com\/index.php\/wp-json\/wp\/v2\/media?parent=29299"}],"wp:term":[{"taxonomy":"category","embeddable":true,"href":"https:\/\/www.actualidadadiario.com\/index.php\/wp-json\/wp\/v2\/categories?post=29299"},{"taxonomy":"post_tag","embeddable":true,"href":"https:\/\/www.actualidadadiario.com\/index.php\/wp-json\/wp\/v2\/tags?post=29299"}],"curies":[{"name":"wp","href":"https:\/\/api.w.org\/{rel}","templated":true}]}}