{"id":29293,"date":"2018-06-28T10:43:55","date_gmt":"2018-06-28T13:43:55","guid":{"rendered":"https:\/\/www.actualidadadiario.com\/?p=29293"},"modified":"2018-11-06T19:42:55","modified_gmt":"2018-11-06T22:42:55","slug":"espana-celebra-el-primer-juicio-por-robo-de-bebes-en-el-franquismo","status":"publish","type":"post","link":"https:\/\/www.actualidadadiario.com\/index.php\/2018\/06\/28\/espana-celebra-el-primer-juicio-por-robo-de-bebes-en-el-franquismo\/","title":{"rendered":"Espa\u00f1a celebra el primer juicio por robo de beb\u00e9s en el franquismo"},"content":{"rendered":"<p><em><strong>Llevaron al banquillo de los acusados un m\u00e9dico presuntamente implicado en robo de una ni\u00f1a durante la dictadura, que dur\u00f3 cuarenta a\u00f1os. Se encuentra internado<\/strong><\/em><\/p>\n<p>&nbsp;<\/p>\n<p>&nbsp;<\/p>\n<p>&nbsp;<\/p>\n<p>El espa\u00f1ol Eduardo Vela, ginec\u00f3logo jubilado de 84 a\u00f1os, enfrenta esta semana el primer juicio por robo de beb\u00e9s durante la dictadura de Francisco Franco en Espa\u00f1a. El m\u00e9dico enfrenta una petici\u00f3n de c\u00e1rcel de 11 a\u00f1os por parte por el presunto robo de una ni\u00f1a reci\u00e9n nacida a sus padres biol\u00f3gicos para entregarla a un matrimonio de forma ilegal en 1969.<\/p>\n<p>&nbsp;<\/p>\n<p>Se trata de la primera causa sobre beb\u00e9s robados que llega a juicio en Espa\u00f1a. El m\u00e9dico Vela ser\u00e1, adem\u00e1s, la primera persona juzgada por este esc\u00e1ndalo, que afecta a miles de personas. &#8220;Hay m\u00e1s de 2.000 denuncias archivadas. Que sea mi caso el primero que llegue a juicio es tremendo, as\u00ed que se ha convertido un poco en el juicio de todos&#8221;, dijo a la radio Cadena Ser Isabel Madrigal, la beb\u00e9 presuntamente robada por el doctor Vela.<\/p>\n<p>&nbsp;<\/p>\n<p>En la acusaci\u00f3n, el fiscal imputa al m\u00e9dico un delito de sustracci\u00f3n de menor de siete a\u00f1os, por el que solicita ocho a\u00f1os de c\u00e1rcel, as\u00ed como delitos de suposici\u00f3n de parto y de falsedad en documento oficial, por los que reclama otros tres a\u00f1os. Adem\u00e1s, solicita una indemnizaci\u00f3n de 410.000 d\u00f3lares a la afectada por los da\u00f1os morales causados.<\/p>\n<p>&nbsp;<\/p>\n<p>Vela ejerci\u00f3 como ginec\u00f3logo en el sanatorio San Ram\u00f3n de Madrid entre 1961 y 1981. En 1969, un sacerdote con el que ten\u00eda buena relaci\u00f3n le comunic\u00f3 que un matrimonio deseaba tener un beb\u00e9. Prometi\u00f3 a la pareja que le entregar\u00eda un reci\u00e9n nacido &#8220;al margen de la legalidad&#8221;, seg\u00fan el escrito de la Fiscal\u00eda. As\u00ed, acordaron ocultar la identidad real del beb\u00e9 robado mediante la inscripci\u00f3n en el Registro Civil como hijo biol\u00f3gico del matrimonio.<\/p>\n<p>&nbsp;<\/p>\n<p>Cuatro d\u00e9cadas despu\u00e9s, esa ni\u00f1a, Isabel Madrigal, tuvo que denunciar a su madre convencida de que, con sus 90 a\u00f1os, no habr\u00eda consecuencias para ella, y as\u00ed avanzar en la causa y seguir indagando sobre sus or\u00edgenes. &#8220;Se han presentado 3.000 denuncias y dos tercios de ellas han sido archivadas. \u00c9l no va a ir a la c\u00e1rcel, pero pido una condena social. O que, si todo fue tan legal como dice, a pesar de que se falsificaron documentos, me diga qui\u00e9n es mi madre. Solo quiero conocer mis or\u00edgenes&#8221;, dijo Madrigal citada por el diario El Pa\u00eds.<\/p>\n<p>&nbsp;<\/p>\n<p>Fue el propio Vela, con su firma, quien certific\u00f3 en el parte facultativo su &#8220;asistencia personal&#8221; al parto pese a que todo ello no contaba con el consentimiento de la madre biol\u00f3gica de la ni\u00f1a. En 2010, a ra\u00edz de la publicaci\u00f3n de informaciones sobre el robo de beb\u00e9s, aquella ni\u00f1a, ya adulta, comenz\u00f3 a sospechar sobre su origen. Finalmente, su madre no biol\u00f3gica admiti\u00f3 los hechos y se ofreci\u00f3 a colaborar para tratar de descubrir la identidad de sus verdaderos padres, que hoy todav\u00eda se desconoce.<\/p>\n<p>&nbsp;<\/p>\n<p>Aunque el martes, primer d\u00eda del juicio, el acusado se present\u00f3 a declarar, el mi\u00e9rcoles el juicio fue suspendido porque Eduardo Vela fue internado de urgencia en un hospital a primera hora de la ma\u00f1ana por dolores y mareos, informaron medios espa\u00f1oles. Su abogado explic\u00f3 la situaci\u00f3n y mostr\u00f3 un justificante del ingreso hospitalario en el juzgado y la presidenta del tribunal decidi\u00f3 suspender el juicio, que retomar\u00e1 en los pr\u00f3ximos d\u00edas.<\/p>\n<p>&nbsp;<\/p>\n<p>En la primera sesi\u00f3n del juicio, Vela se present\u00f3 en silla de ruedas y present\u00f3 dificultades para escuchar y entender lo que la fiscal y los abogados le preguntaban. Su defensa hab\u00eda intentado sin \u00e9xito suspender la declaraci\u00f3n por su supuesta incapacidad. En cuanto pudo, el ex m\u00e9dico neg\u00f3 los hechos que se le imputan: &#8220;No le he dado una ni\u00f1a a nadie&#8221;, dijo. Tampoco reconoci\u00f3 su firma en la partida de nacimiento de In\u00e9s Madrigal, la denunciante del caso.<\/p>\n","protected":false},"excerpt":{"rendered":"<p>Llevaron al banquillo de los acusados un m\u00e9dico presuntamente implicado en robo de una ni\u00f1a durante la dictadura, que dur\u00f3 cuarenta a\u00f1os. Se encuentra internado &nbsp; &nbsp; &nbsp; El espa\u00f1ol Eduardo Vela, ginec\u00f3logo jubilado de 84 a\u00f1os, enfrenta esta semana el primer juicio por robo de beb\u00e9s durante la dictadura de Francisco Franco en Espa\u00f1a. El m\u00e9dico enfrenta una petici\u00f3n de c\u00e1rcel de 11 a\u00f1os por parte por el presunto robo de una ni\u00f1a reci\u00e9n nacida a sus padres biol\u00f3gicos para entregarla a un matrimonio de forma ilegal en 1969&#8230;.<\/p>\n","protected":false},"author":3,"featured_media":29294,"comment_status":"closed","ping_status":"closed","sticky":false,"template":"","format":"standard","meta":[],"categories":[4],"tags":[],"_links":{"self":[{"href":"https:\/\/www.actualidadadiario.com\/index.php\/wp-json\/wp\/v2\/posts\/29293"}],"collection":[{"href":"https:\/\/www.actualidadadiario.com\/index.php\/wp-json\/wp\/v2\/posts"}],"about":[{"href":"https:\/\/www.actualidadadiario.com\/index.php\/wp-json\/wp\/v2\/types\/post"}],"author":[{"embeddable":true,"href":"https:\/\/www.actualidadadiario.com\/index.php\/wp-json\/wp\/v2\/users\/3"}],"replies":[{"embeddable":true,"href":"https:\/\/www.actualidadadiario.com\/index.php\/wp-json\/wp\/v2\/comments?post=29293"}],"version-history":[{"count":1,"href":"https:\/\/www.actualidadadiario.com\/index.php\/wp-json\/wp\/v2\/posts\/29293\/revisions"}],"predecessor-version":[{"id":29295,"href":"https:\/\/www.actualidadadiario.com\/index.php\/wp-json\/wp\/v2\/posts\/29293\/revisions\/29295"}],"wp:featuredmedia":[{"embeddable":true,"href":"https:\/\/www.actualidadadiario.com\/index.php\/wp-json\/wp\/v2\/media\/29294"}],"wp:attachment":[{"href":"https:\/\/www.actualidadadiario.com\/index.php\/wp-json\/wp\/v2\/media?parent=29293"}],"wp:term":[{"taxonomy":"category","embeddable":true,"href":"https:\/\/www.actualidadadiario.com\/index.php\/wp-json\/wp\/v2\/categories?post=29293"},{"taxonomy":"post_tag","embeddable":true,"href":"https:\/\/www.actualidadadiario.com\/index.php\/wp-json\/wp\/v2\/tags?post=29293"}],"curies":[{"name":"wp","href":"https:\/\/api.w.org\/{rel}","templated":true}]}}