{"id":29287,"date":"2018-06-28T10:42:17","date_gmt":"2018-06-28T13:42:17","guid":{"rendered":"https:\/\/www.actualidadadiario.com\/?p=29287"},"modified":"2018-11-06T19:42:55","modified_gmt":"2018-11-06T22:42:55","slug":"macri-anuncio-que-va-a-modificar-la-ley-pyme-y-prometio-beneficios-fiscales-y-mas-creditos","status":"publish","type":"post","link":"https:\/\/www.actualidadadiario.com\/index.php\/2018\/06\/28\/macri-anuncio-que-va-a-modificar-la-ley-pyme-y-prometio-beneficios-fiscales-y-mas-creditos\/","title":{"rendered":"Macri anunci\u00f3 que va a modificar la ley pyme y prometi\u00f3 beneficios fiscales y m\u00e1s cr\u00e9ditos"},"content":{"rendered":"<p><em><strong>A tan s\u00f3lo dos a\u00f1os de la aprobaci\u00f3n de la Ley Pyme, el presidente Mauricio Macri anunci\u00f3 ayer en la sede de CAME que solicit\u00f3 al ministro de Producci\u00f3n, Dante Sica, que elabore un nuevo proyecto para ese sector con el objetivo de compensar las dificultades que vienen teniendo las peque\u00f1as y medianas empresas a ra\u00edz de la fuerte ca\u00edda del consumo<\/strong><\/em><\/p>\n<p>&nbsp;<\/p>\n<p>&nbsp;<\/p>\n<p>&nbsp;<\/p>\n<p>&nbsp;<\/p>\n<p>Cuando en 2016 el reclamo por la suba de las tarifas comenz\u00f3 a generalizarse entre los due\u00f1os de las pymes, desde el Poder Ejecutivo nacional impulsaron la Ley Pyme, que se limit\u00f3 a crear est\u00edmulos impositivos. Esta vez, el mandatario tampoco se refiri\u00f3 a los costos de los servicios p\u00fablicos. En su lugar, sostuvo que hay que &#8220;ir reduciendo los impuestos&#8221; y &#8220;tener un buen acceso de financiamiento&#8221;. &#8220;Batallemos para reducir los costos de la log\u00edstica. Tenemos los costos m\u00e1s altos de Latinoam\u00e9rica&#8221;, apunt\u00f3 Macri.<\/p>\n<p>&nbsp;<\/p>\n<p>&#8220;Le ped\u00ed a Dante que arranquemos con una nueva ley Pyme&#8221;, solt\u00f3 el presidente ante un auditorio que lo aplaudi\u00f3, aun cuando no estaba demasiado al tanto de qu\u00e9 se trataba la nueva iniciativa. Los ministros Rogelio Frigerio, de Interior; y Jorge Triaca, de Trabajo, que lo miraban atentos, tampoco ten\u00edan mayores detalles. A trav\u00e9s de un comunicado de prensa, desde el ministerio de Producci\u00f3n destacaron que se busca &#8220;continuar y potenciar el camino que deline\u00f3 la primera Ley Pyme&#8221;. En el entorno de Sica dijeron que &#8220;reci\u00e9n se est\u00e1n empezando a trazar los primeros lineamientos del proyecto&#8221;.<\/p>\n<p>&nbsp;<\/p>\n<p>A la Ley Pyme, el a\u00f1o pasado se sum\u00f3 la Ley de Financiamiento Productivo y la Ley de Compre Argentino, lo que no fue suficiente para revertir la situaci\u00f3n en la que est\u00e1n las peque\u00f1as y medianas empresas tras la abrupta ca\u00edda del consumo, que se agrav\u00f3 m\u00e1s a\u00fan con las recientes corridas cambiarias y la r\u00e1pida suba de la inflaci\u00f3n.<\/p>\n<p>&nbsp;<\/p>\n<p>Algunas de las medidas que Sica acord\u00f3 con las pymes para &#8220;fomentar el consumo y la producci\u00f3n nacional&#8221; son adelantar 2 a\u00f1os el m\u00ednimo no imponible en contribuciones patronales, previsto en la reforma tributaria, para comercios minoristas radicados en zonas de frontera; y renovar Ahora 3, 6, 12 y 18 hasta fin de a\u00f1o.<\/p>\n<p>&nbsp;<\/p>\n<p>El pedido para alentar el consumo fue expuesto por el propio titular de la CAME, Gerardo D\u00edaz Beltr\u00e1n, que pidi\u00f3 &#8220;sumar peque\u00f1as medidas transitorias, no grandes medidas, que nos ayude a que haya m\u00e1s consumo&#8221;.<\/p>\n<p>&nbsp;<\/p>\n<p>El presidente dej\u00f3 para el final de su discurso lo que es uno de los ejes de la pol\u00edtica econ\u00f3mica de su gobierno, muy lejos de lo que vienen reclamando las pymes: &#8220;Todos aquellos que prometen recetas m\u00e1gicas y que la Argentina sale adelante con shocks de consumo, con revoluciones que no se definen, nos quieren volver a los cuentitos del pasado&#8221;.<\/p>\n","protected":false},"excerpt":{"rendered":"<p>A tan s\u00f3lo dos a\u00f1os de la aprobaci\u00f3n de la Ley Pyme, el presidente Mauricio Macri anunci\u00f3 ayer en la sede de CAME que solicit\u00f3 al ministro de Producci\u00f3n, Dante Sica, que elabore un nuevo proyecto para ese sector con el objetivo de compensar las dificultades que vienen teniendo las peque\u00f1as y medianas empresas a ra\u00edz de la fuerte ca\u00edda del consumo &nbsp; &nbsp; &nbsp; &nbsp; Cuando en 2016 el reclamo por la suba de las tarifas comenz\u00f3 a generalizarse entre los due\u00f1os de las pymes, desde el Poder Ejecutivo&#8230;<\/p>\n","protected":false},"author":3,"featured_media":29288,"comment_status":"closed","ping_status":"closed","sticky":false,"template":"","format":"standard","meta":[],"categories":[18],"tags":[],"_links":{"self":[{"href":"https:\/\/www.actualidadadiario.com\/index.php\/wp-json\/wp\/v2\/posts\/29287"}],"collection":[{"href":"https:\/\/www.actualidadadiario.com\/index.php\/wp-json\/wp\/v2\/posts"}],"about":[{"href":"https:\/\/www.actualidadadiario.com\/index.php\/wp-json\/wp\/v2\/types\/post"}],"author":[{"embeddable":true,"href":"https:\/\/www.actualidadadiario.com\/index.php\/wp-json\/wp\/v2\/users\/3"}],"replies":[{"embeddable":true,"href":"https:\/\/www.actualidadadiario.com\/index.php\/wp-json\/wp\/v2\/comments?post=29287"}],"version-history":[{"count":1,"href":"https:\/\/www.actualidadadiario.com\/index.php\/wp-json\/wp\/v2\/posts\/29287\/revisions"}],"predecessor-version":[{"id":29289,"href":"https:\/\/www.actualidadadiario.com\/index.php\/wp-json\/wp\/v2\/posts\/29287\/revisions\/29289"}],"wp:featuredmedia":[{"embeddable":true,"href":"https:\/\/www.actualidadadiario.com\/index.php\/wp-json\/wp\/v2\/media\/29288"}],"wp:attachment":[{"href":"https:\/\/www.actualidadadiario.com\/index.php\/wp-json\/wp\/v2\/media?parent=29287"}],"wp:term":[{"taxonomy":"category","embeddable":true,"href":"https:\/\/www.actualidadadiario.com\/index.php\/wp-json\/wp\/v2\/categories?post=29287"},{"taxonomy":"post_tag","embeddable":true,"href":"https:\/\/www.actualidadadiario.com\/index.php\/wp-json\/wp\/v2\/tags?post=29287"}],"curies":[{"name":"wp","href":"https:\/\/api.w.org\/{rel}","templated":true}]}}