{"id":29284,"date":"2018-06-28T10:41:35","date_gmt":"2018-06-28T13:41:35","guid":{"rendered":"https:\/\/www.actualidadadiario.com\/?p=29284"},"modified":"2018-11-06T19:42:55","modified_gmt":"2018-11-06T22:42:55","slug":"hubo-acuerdo-en-el-senado-y-el-debate-por-el-aborto-no-ira-a-la-comision-de-presupuesto","status":"publish","type":"post","link":"https:\/\/www.actualidadadiario.com\/index.php\/2018\/06\/28\/hubo-acuerdo-en-el-senado-y-el-debate-por-el-aborto-no-ira-a-la-comision-de-presupuesto\/","title":{"rendered":"Hubo acuerdo en el Senado y el debate por el aborto no ir\u00e1 a la Comisi\u00f3n de Presupuesto"},"content":{"rendered":"<p><em><strong>El proyecto de ley que ya tiene media sanci\u00f3n de Diputado, y que ser\u00e1 tratado en el recinto de la C\u00e1mara Alta el 8 de agosto, finalmente ser\u00e1 girado a solo tres comisiones. La negociaci\u00f3n entre Michetti y Pichetto<\/strong><\/em><\/p>\n<p>&nbsp;<\/p>\n<p>&nbsp;<\/p>\n<p>&nbsp;<\/p>\n<p>Por unanimidad en una votaci\u00f3n a mano alzada, los senadores a favor y en contra del proyecto de legalizaci\u00f3n del aborto llegaron a un acuerdo y aprobaron en la tarde del mi\u00e9rcoles que la iniciativa sea girada a tres comisiones y no a cuatro como hab\u00eda dispuesto d\u00edas atr\u00e1s la vicepresidenta Gabriela Michetti.<\/p>\n<p>&nbsp;<\/p>\n<p>Para zanjar la pol\u00e9mica, finalmente se resolvi\u00f3 dejar de lado la comisi\u00f3n de Presupuesto y Hacienda, y en cambio se mantuvieron las de Asuntos Constitucionales, Justicia y Asuntos Penales, y Salud.<\/p>\n<p>&nbsp;<\/p>\n<p>La propuesta fue mocionada al inicio de la sesi\u00f3n ordinaria en el Senado por el presidente provisional de ese cuerpo, Federico Pinedo (PRO), aunque ya hab\u00eda sido acordada previamente en la reuni\u00f3n de Labor Parlamentaria.<\/p>\n<p>&nbsp;<\/p>\n<p>El acuerdo se realiz\u00f3 en el despacho de Miguel \u00c1ngel Pichetto, en una reuni\u00f3n que mantuvo con Michetti. All\u00ed, gan\u00f3 el medido de qui\u00e9nes militan por el aborto seguro, legal y gratuito de que el proyecto no pase por la comisi\u00f3n de Hacienda y Presupuesto.<\/p>\n<p>&nbsp;<\/p>\n<p>El proyecto de ley obtendr\u00eda dictamen el 1 de agosto y se votar\u00e1 en el recinto de la C\u00e1mara Alta una semana despu\u00e9s, el 8 de agosto.<\/p>\n","protected":false},"excerpt":{"rendered":"<p>El proyecto de ley que ya tiene media sanci\u00f3n de Diputado, y que ser\u00e1 tratado en el recinto de la C\u00e1mara Alta el 8 de agosto, finalmente ser\u00e1 girado a solo tres comisiones. La negociaci\u00f3n entre Michetti y Pichetto &nbsp; &nbsp; &nbsp; Por unanimidad en una votaci\u00f3n a mano alzada, los senadores a favor y en contra del proyecto de legalizaci\u00f3n del aborto llegaron a un acuerdo y aprobaron en la tarde del mi\u00e9rcoles que la iniciativa sea girada a tres comisiones y no a cuatro como hab\u00eda dispuesto d\u00edas&#8230;<\/p>\n","protected":false},"author":3,"featured_media":29285,"comment_status":"closed","ping_status":"closed","sticky":false,"template":"","format":"standard","meta":[],"categories":[18],"tags":[],"_links":{"self":[{"href":"https:\/\/www.actualidadadiario.com\/index.php\/wp-json\/wp\/v2\/posts\/29284"}],"collection":[{"href":"https:\/\/www.actualidadadiario.com\/index.php\/wp-json\/wp\/v2\/posts"}],"about":[{"href":"https:\/\/www.actualidadadiario.com\/index.php\/wp-json\/wp\/v2\/types\/post"}],"author":[{"embeddable":true,"href":"https:\/\/www.actualidadadiario.com\/index.php\/wp-json\/wp\/v2\/users\/3"}],"replies":[{"embeddable":true,"href":"https:\/\/www.actualidadadiario.com\/index.php\/wp-json\/wp\/v2\/comments?post=29284"}],"version-history":[{"count":1,"href":"https:\/\/www.actualidadadiario.com\/index.php\/wp-json\/wp\/v2\/posts\/29284\/revisions"}],"predecessor-version":[{"id":29286,"href":"https:\/\/www.actualidadadiario.com\/index.php\/wp-json\/wp\/v2\/posts\/29284\/revisions\/29286"}],"wp:featuredmedia":[{"embeddable":true,"href":"https:\/\/www.actualidadadiario.com\/index.php\/wp-json\/wp\/v2\/media\/29285"}],"wp:attachment":[{"href":"https:\/\/www.actualidadadiario.com\/index.php\/wp-json\/wp\/v2\/media?parent=29284"}],"wp:term":[{"taxonomy":"category","embeddable":true,"href":"https:\/\/www.actualidadadiario.com\/index.php\/wp-json\/wp\/v2\/categories?post=29284"},{"taxonomy":"post_tag","embeddable":true,"href":"https:\/\/www.actualidadadiario.com\/index.php\/wp-json\/wp\/v2\/tags?post=29284"}],"curies":[{"name":"wp","href":"https:\/\/api.w.org\/{rel}","templated":true}]}}