{"id":29281,"date":"2018-06-28T10:40:51","date_gmt":"2018-06-28T13:40:51","guid":{"rendered":"https:\/\/www.actualidadadiario.com\/?p=29281"},"modified":"2018-11-06T19:42:55","modified_gmt":"2018-11-06T22:42:55","slug":"marcos-pena-arremetio-y-le-pidio-al-congreso-avanzar-con-la-reforma-laboral","status":"publish","type":"post","link":"https:\/\/www.actualidadadiario.com\/index.php\/2018\/06\/28\/marcos-pena-arremetio-y-le-pidio-al-congreso-avanzar-con-la-reforma-laboral\/","title":{"rendered":"Marcos Pe\u00f1a arremeti\u00f3 y le pidi\u00f3 al Congreso avanzar con la reforma laboral"},"content":{"rendered":"<p><em><strong>El jefe de Gabinete mantuvo una exposici\u00f3n en el Senado, donde adem\u00e1s calific\u00f3 de &#8220;innovador&#8221; el acuerdo con el FMI, y no reconoci\u00f3 los errores de la gesti\u00f3n macrista en el informe de la gesti\u00f3n<\/strong><\/em><\/p>\n<p>&nbsp;<\/p>\n<p>&nbsp;<\/p>\n<p>&nbsp;<\/p>\n<p>El jefe de Gabinete, Marcos Pe\u00f1a pidi\u00f3 avanzar con los tres proyectos de la reforma laboral. Lo hizo al brindar su segundo informe de gesti\u00f3n del a\u00f1o en el Senado.<\/p>\n<p>&nbsp;<\/p>\n<p>Pe\u00f1a pidi\u00f3 a los senadores que avancen con los tres proyectos de ley bajo el r\u00f3tulo de la reforma laboral: el de regularizaci\u00f3n de empleo no registrado, el referido a la \u201ccapacitaci\u00f3n laboral continua\u201d y la creaci\u00f3n de la Agencia Nacional de Evaluaci\u00f3n de Tecnolog\u00edas de Salud (AGNET).<\/p>\n<p>&nbsp;<\/p>\n<p>Sobre el blanqueo laboral, sostuvo que \u201cpuede ayudar a cientos de miles de trabajadores a tener los beneficios del empleo formal\u201d, y en cuanto a la creaci\u00f3n del Instituto de Formaci\u00f3n Profesional, explic\u00f3 que \u201cbusca actualizar la propuesta de formaci\u00f3n profesional y mejorar la articulaci\u00f3n entre el sector educativo, los sindicatos y el sector productivo\u201d.<\/p>\n<p>&nbsp;<\/p>\n<p>Pe\u00f1a justific\u00f3 la crisis econ\u00f3mica y exculp\u00f3 al gobierno: \u201cEn los \u00faltimos meses hubo al menos tres factores que alteraron la econom\u00eda: la sequ\u00eda m\u00e1s intensa en a\u00f1os, la suba del precio mundial del petr\u00f3leo y la volatilidad de los mercados financieros internacionales\u201d.<\/p>\n<p>&nbsp;<\/p>\n<p>Defendi\u00f3 el acuerdo con el Fondo Monetario Internacional: \u00e9sa fue \u201cla mejor manera de defender el gradualismo y evitar una gran crisis\u201d.<\/p>\n<p>&nbsp;<\/p>\n<p>Para Pe\u00f1a el acuerdo\u00a0 \u201ces innovador\u201d, porque \u201ccuenta con una salvaguarda para incrementar el gasto social si las condiciones lo requieren\u201d.<\/p>\n","protected":false},"excerpt":{"rendered":"<p>El jefe de Gabinete mantuvo una exposici\u00f3n en el Senado, donde adem\u00e1s calific\u00f3 de &#8220;innovador&#8221; el acuerdo con el FMI, y no reconoci\u00f3 los errores de la gesti\u00f3n macrista en el informe de la gesti\u00f3n &nbsp; &nbsp; &nbsp; El jefe de Gabinete, Marcos Pe\u00f1a pidi\u00f3 avanzar con los tres proyectos de la reforma laboral. Lo hizo al brindar su segundo informe de gesti\u00f3n del a\u00f1o en el Senado. &nbsp; Pe\u00f1a pidi\u00f3 a los senadores que avancen con los tres proyectos de ley bajo el r\u00f3tulo de la reforma laboral: el&#8230;<\/p>\n","protected":false},"author":3,"featured_media":29282,"comment_status":"closed","ping_status":"closed","sticky":false,"template":"","format":"standard","meta":[],"categories":[9,18],"tags":[],"_links":{"self":[{"href":"https:\/\/www.actualidadadiario.com\/index.php\/wp-json\/wp\/v2\/posts\/29281"}],"collection":[{"href":"https:\/\/www.actualidadadiario.com\/index.php\/wp-json\/wp\/v2\/posts"}],"about":[{"href":"https:\/\/www.actualidadadiario.com\/index.php\/wp-json\/wp\/v2\/types\/post"}],"author":[{"embeddable":true,"href":"https:\/\/www.actualidadadiario.com\/index.php\/wp-json\/wp\/v2\/users\/3"}],"replies":[{"embeddable":true,"href":"https:\/\/www.actualidadadiario.com\/index.php\/wp-json\/wp\/v2\/comments?post=29281"}],"version-history":[{"count":1,"href":"https:\/\/www.actualidadadiario.com\/index.php\/wp-json\/wp\/v2\/posts\/29281\/revisions"}],"predecessor-version":[{"id":29283,"href":"https:\/\/www.actualidadadiario.com\/index.php\/wp-json\/wp\/v2\/posts\/29281\/revisions\/29283"}],"wp:featuredmedia":[{"embeddable":true,"href":"https:\/\/www.actualidadadiario.com\/index.php\/wp-json\/wp\/v2\/media\/29282"}],"wp:attachment":[{"href":"https:\/\/www.actualidadadiario.com\/index.php\/wp-json\/wp\/v2\/media?parent=29281"}],"wp:term":[{"taxonomy":"category","embeddable":true,"href":"https:\/\/www.actualidadadiario.com\/index.php\/wp-json\/wp\/v2\/categories?post=29281"},{"taxonomy":"post_tag","embeddable":true,"href":"https:\/\/www.actualidadadiario.com\/index.php\/wp-json\/wp\/v2\/tags?post=29281"}],"curies":[{"name":"wp","href":"https:\/\/api.w.org\/{rel}","templated":true}]}}