{"id":29278,"date":"2018-06-28T10:40:10","date_gmt":"2018-06-28T13:40:10","guid":{"rendered":"https:\/\/www.actualidadadiario.com\/?p=29278"},"modified":"2018-11-06T19:42:55","modified_gmt":"2018-11-06T22:42:55","slug":"eliminacion-del-control-sobre-la-pauta-oficial-uno-de-los-objetivos-del-desguace-de-telam","status":"publish","type":"post","link":"https:\/\/www.actualidadadiario.com\/index.php\/2018\/06\/28\/eliminacion-del-control-sobre-la-pauta-oficial-uno-de-los-objetivos-del-desguace-de-telam\/","title":{"rendered":"Eliminaci\u00f3n del control sobre la pauta oficial, uno de los objetivos del desguace de T\u00e9lam"},"content":{"rendered":"<p><em><strong>As\u00ed lo denunci\u00f3 el delegado Mariano Su\u00e1rez, quien indic\u00f3 que se trata de un \u00e1rea muy afectada, donde la mayor\u00eda son trabajadores con una antig\u00fcedad previa a 2003<\/strong><\/em><\/p>\n<p>&nbsp;<\/p>\n<p>&nbsp;<\/p>\n<p>&nbsp;<\/p>\n<p>Luego del anuncio de despido de 354 trabajadores de T\u00e9lam, uno de los delegados de la agencia, Mariano Su\u00e1rez, record\u00f3 que la purga tiene que ver con el acuerdo con el FMI y apunt\u00f3 a otro objetivo: eliminar el control de la pauta oficial.<\/p>\n<p>&nbsp;<\/p>\n<p>Se trata de una funci\u00f3n que la agencia cumple desde 1968 y actualmente la desempe\u00f1aban unas 150 personas. \u201cPor lo que estamos viendo en los telegramas es uno de los focos del despido, la eliminaci\u00f3n de T\u00e9lam como controlador de la pauta oficial\u201d, dijo a AM 750.<\/p>\n<p>&nbsp;<\/p>\n<p>\u201cLombardi lo presenta como una suerte de limpieza ideol\u00f3gica\u201d, record\u00f3 y explic\u00f3 que \u201csi se revisa la lista, los despedidos son algunos empleados con poca antig\u00fcedad, otros con mucha; el sector m\u00e1s afectado, el sector publicitario, es generacionalmente previo a 2003 as\u00ed que no tiene ning\u00fan tipo de pertenencia pol\u00edtica a los que ingresaron durante el kirchnerismo\u201d.<\/p>\n<p>&nbsp;<\/p>\n<p>\u201cLlegaron 121 cartas documento de despido\u201d, precis\u00f3 y cont\u00f3 que \u201clo m\u00e1s perverso es que a un grupo de trabajadores les hab\u00edan anunciado e formaban parte de una nueva Telam y que estaban contentos de contar con su aporte\u201d. Adem\u00e1s, \u201cel grupo m\u00e1s grande no recibi\u00f3 ni el mail ni la carta documento as\u00ed que no saben si tienen trabajo\u00a0 o no\u201d.<\/p>\n<p>&nbsp;<\/p>\n<p>\u201cDujovne anuncio para T\u00e9lam un ajuste nominal del 15% que en t\u00e9rminos reales es del 40, 45, que es el ajuste que tenemos en t\u00e9rminos personal. La agencia no tiene sueldos particularmente altos y ni un presupuesto llamativo en t\u00e9rminos proporcionales de otros organismos p\u00fablicos. El presupuesto de T\u00e9lam es m\u00e1s bajo que lo que reciben algunos medios privados en pauta\u201d.<\/p>\n<p>&nbsp;<\/p>\n<p>Mientras sigue la toma de los dos edificios de la agencia, Su\u00e1rez revel\u00f3 que \u201clas autoridades est\u00e1n desaparecidas, nadie dio la cara\u201d. Luego record\u00f3 que \u201ces el tercer proyecto de cierre de T\u00e9lam; el primero fue en el 96 y el segundo en el 2000\u201d.<\/p>\n","protected":false},"excerpt":{"rendered":"<p>As\u00ed lo denunci\u00f3 el delegado Mariano Su\u00e1rez, quien indic\u00f3 que se trata de un \u00e1rea muy afectada, donde la mayor\u00eda son trabajadores con una antig\u00fcedad previa a 2003 &nbsp; &nbsp; &nbsp; Luego del anuncio de despido de 354 trabajadores de T\u00e9lam, uno de los delegados de la agencia, Mariano Su\u00e1rez, record\u00f3 que la purga tiene que ver con el acuerdo con el FMI y apunt\u00f3 a otro objetivo: eliminar el control de la pauta oficial. &nbsp; Se trata de una funci\u00f3n que la agencia cumple desde 1968 y actualmente la&#8230;<\/p>\n","protected":false},"author":3,"featured_media":29279,"comment_status":"closed","ping_status":"closed","sticky":false,"template":"","format":"standard","meta":[],"categories":[18],"tags":[],"_links":{"self":[{"href":"https:\/\/www.actualidadadiario.com\/index.php\/wp-json\/wp\/v2\/posts\/29278"}],"collection":[{"href":"https:\/\/www.actualidadadiario.com\/index.php\/wp-json\/wp\/v2\/posts"}],"about":[{"href":"https:\/\/www.actualidadadiario.com\/index.php\/wp-json\/wp\/v2\/types\/post"}],"author":[{"embeddable":true,"href":"https:\/\/www.actualidadadiario.com\/index.php\/wp-json\/wp\/v2\/users\/3"}],"replies":[{"embeddable":true,"href":"https:\/\/www.actualidadadiario.com\/index.php\/wp-json\/wp\/v2\/comments?post=29278"}],"version-history":[{"count":1,"href":"https:\/\/www.actualidadadiario.com\/index.php\/wp-json\/wp\/v2\/posts\/29278\/revisions"}],"predecessor-version":[{"id":29280,"href":"https:\/\/www.actualidadadiario.com\/index.php\/wp-json\/wp\/v2\/posts\/29278\/revisions\/29280"}],"wp:featuredmedia":[{"embeddable":true,"href":"https:\/\/www.actualidadadiario.com\/index.php\/wp-json\/wp\/v2\/media\/29279"}],"wp:attachment":[{"href":"https:\/\/www.actualidadadiario.com\/index.php\/wp-json\/wp\/v2\/media?parent=29278"}],"wp:term":[{"taxonomy":"category","embeddable":true,"href":"https:\/\/www.actualidadadiario.com\/index.php\/wp-json\/wp\/v2\/categories?post=29278"},{"taxonomy":"post_tag","embeddable":true,"href":"https:\/\/www.actualidadadiario.com\/index.php\/wp-json\/wp\/v2\/tags?post=29278"}],"curies":[{"name":"wp","href":"https:\/\/api.w.org\/{rel}","templated":true}]}}