{"id":29275,"date":"2018-06-28T10:39:26","date_gmt":"2018-06-28T13:39:26","guid":{"rendered":"https:\/\/www.actualidadadiario.com\/?p=29275"},"modified":"2018-11-06T19:42:55","modified_gmt":"2018-11-06T22:42:55","slug":"di-lello-investiga-presuntos-aportes-truchos-a-la-campana-de-cambiemos","status":"publish","type":"post","link":"https:\/\/www.actualidadadiario.com\/index.php\/2018\/06\/28\/di-lello-investiga-presuntos-aportes-truchos-a-la-campana-de-cambiemos\/","title":{"rendered":"Di Lello investiga presuntos aportes truchos a la campa\u00f1a de &#8220;Cambiemos&#8221;"},"content":{"rendered":"<p><em><strong>El instructor orden\u00f3 medidas de prueba. Busca dilucidar si el partido gobernante utiliz\u00f3 los nombres de beneficiarios de ayuda social, sin su consentimiento<\/strong><\/em><\/p>\n<p>&nbsp;<\/p>\n<p>&nbsp;<\/p>\n<p>&nbsp;<\/p>\n<p>El doctor Jorge Di Lello, fiscal federal con competencia electoral, orden\u00f3 las primeras medidas para determinar si &#8220;Cambiemos&#8221; hizo figurar aportantes truchos para la campa\u00f1a de sus candidatos a legisladores de la provincia de Buenos Aires, con Graciela Oca\u00f1a y Esteban Bullrich a la cabeza.<\/p>\n<p>&nbsp;<\/p>\n<p>La Justicia trata de dejar en claro si se los afili\u00f3 sin que los beneficiarios se enteraran.<\/p>\n<p>&nbsp;<\/p>\n<p>Cabe recordar que la investigaci\u00f3n preliminar se inici\u00f3 a ra\u00edz de una indagaci\u00f3n del periodista Juan Amorin, quien revel\u00f3 que Cambiemos utiliz\u00f3 la identidad de al menos 205 personas titulares de los planes sociales &#8220;Ellas Hacen&#8221; y &#8220;Argentina Trabaja&#8221;.<\/p>\n<p>&nbsp;<\/p>\n<p>Tras el paso de los d\u00edas, la lista trep\u00f3 a 467 personas, todas habitantes de barrios humildes de Quilmes y otros puntos de la zona Sur y del Oeste.<\/p>\n<p>&nbsp;<\/p>\n<p>El instructor ahora busca constatar con la Gendarmer\u00eda los domicilios de las personas cuyos nombres figuran como aportantes a la campa\u00f1a con sumas que oscilan entre los 300 y los 1500 pesos.<\/p>\n<p>&nbsp;<\/p>\n<p>Di Lello quiere un informe sobre las condiciones socioecon\u00f3micas en las que viven los supuestos aportantes y constatar mediante ANSES si son beneficiarios de planes sociales<\/p>\n<p>&nbsp;<\/p>\n<p>En este sentido, el fiscal quiere conocer si existi\u00f3 o no una posible infracci\u00f3n a la ley de financiamiento de los partidos pol\u00edticos (26.215).<\/p>\n<p>&nbsp;<\/p>\n<p>Podr\u00eda haber falsificaci\u00f3n de firmas y documentos y usurpaci\u00f3n de identidades, entre otras cuestiones en de elecciones bonaerenses del 2017.<\/p>\n","protected":false},"excerpt":{"rendered":"<p>El instructor orden\u00f3 medidas de prueba. Busca dilucidar si el partido gobernante utiliz\u00f3 los nombres de beneficiarios de ayuda social, sin su consentimiento &nbsp; &nbsp; &nbsp; El doctor Jorge Di Lello, fiscal federal con competencia electoral, orden\u00f3 las primeras medidas para determinar si &#8220;Cambiemos&#8221; hizo figurar aportantes truchos para la campa\u00f1a de sus candidatos a legisladores de la provincia de Buenos Aires, con Graciela Oca\u00f1a y Esteban Bullrich a la cabeza. &nbsp; La Justicia trata de dejar en claro si se los afili\u00f3 sin que los beneficiarios se enteraran. &nbsp;&#8230;<\/p>\n","protected":false},"author":3,"featured_media":29276,"comment_status":"closed","ping_status":"closed","sticky":false,"template":"","format":"standard","meta":[],"categories":[18],"tags":[],"_links":{"self":[{"href":"https:\/\/www.actualidadadiario.com\/index.php\/wp-json\/wp\/v2\/posts\/29275"}],"collection":[{"href":"https:\/\/www.actualidadadiario.com\/index.php\/wp-json\/wp\/v2\/posts"}],"about":[{"href":"https:\/\/www.actualidadadiario.com\/index.php\/wp-json\/wp\/v2\/types\/post"}],"author":[{"embeddable":true,"href":"https:\/\/www.actualidadadiario.com\/index.php\/wp-json\/wp\/v2\/users\/3"}],"replies":[{"embeddable":true,"href":"https:\/\/www.actualidadadiario.com\/index.php\/wp-json\/wp\/v2\/comments?post=29275"}],"version-history":[{"count":1,"href":"https:\/\/www.actualidadadiario.com\/index.php\/wp-json\/wp\/v2\/posts\/29275\/revisions"}],"predecessor-version":[{"id":29277,"href":"https:\/\/www.actualidadadiario.com\/index.php\/wp-json\/wp\/v2\/posts\/29275\/revisions\/29277"}],"wp:featuredmedia":[{"embeddable":true,"href":"https:\/\/www.actualidadadiario.com\/index.php\/wp-json\/wp\/v2\/media\/29276"}],"wp:attachment":[{"href":"https:\/\/www.actualidadadiario.com\/index.php\/wp-json\/wp\/v2\/media?parent=29275"}],"wp:term":[{"taxonomy":"category","embeddable":true,"href":"https:\/\/www.actualidadadiario.com\/index.php\/wp-json\/wp\/v2\/categories?post=29275"},{"taxonomy":"post_tag","embeddable":true,"href":"https:\/\/www.actualidadadiario.com\/index.php\/wp-json\/wp\/v2\/tags?post=29275"}],"curies":[{"name":"wp","href":"https:\/\/api.w.org\/{rel}","templated":true}]}}