{"id":29270,"date":"2018-06-28T10:33:02","date_gmt":"2018-06-28T13:33:02","guid":{"rendered":"https:\/\/www.actualidadadiario.com\/?p=29270"},"modified":"2018-11-06T19:42:55","modified_gmt":"2018-11-06T22:42:55","slug":"movilidad-anses-apelo-el-fallo-por-inconstitucional","status":"publish","type":"post","link":"https:\/\/www.actualidadadiario.com\/index.php\/2018\/06\/28\/movilidad-anses-apelo-el-fallo-por-inconstitucional\/","title":{"rendered":"Movilidad: ANSeS apel\u00f3 el fallo por inconstitucional"},"content":{"rendered":"<p><em><strong>La Anses apel\u00f3 el fallo que hab\u00eda declarado inconstitucional la aplicaci\u00f3n desde marzo de este a\u00f1o de la nueva f\u00f3rmula de movilidad que se aprob\u00f3 a fines de 2017, por encontrarse devengado el derecho de la f\u00f3rmula anterior hasta el 29 de diciembre. El organismo previsional argument\u00f3 que la sentencia es &#8220;arbitraria&#8221;, parte de un &#8220;error de encuadramiento&#8221; y que la aplicaci\u00f3n de la ley 27.426 &#8220;no es retroactiva sino inmediata&#8221;<\/strong><\/em><\/p>\n<p>&nbsp;<\/p>\n<p>&nbsp;<\/p>\n<p>&nbsp;<\/p>\n<p>El fallo por mayor\u00eda del 5 de junio era de la Sala 3 de la C\u00e1mara Federal de la Seguridad Social, que s\u00ed hab\u00eda considerado constitucional la f\u00f3rmula previsional de la ley 27.426, por una demanda impulsada por Miguel Angel Fern\u00e1ndez Pastor.<\/p>\n<p>&nbsp;<\/p>\n<p>El recurso extraordinario, presentado el 19 de junio por ANSeS, solicit\u00f3 que se confirme el pronunciamiento de primera instancia, que hab\u00eda rechazado la acci\u00f3n de amparo.<\/p>\n<p>&nbsp;<\/p>\n<p>ANSeS fundament\u00f3 que &#8220;la sentencia de C\u00e1mara es arbitraria&#8221; porque &#8220;declara la inconstitucionalidad de una norma (&#8230;) fund\u00e1ndose en un argumento contable y en una cita de un doctrinario extranjero del siglo pasado. As\u00ed de simple. Razones legales a la vista, ninguna&#8221;.<\/p>\n<p>&nbsp;<\/p>\n<p>Tambi\u00e9n, que &#8220;parte de un error de encuadramiento&#8221; porque prescinde de las leyes aplicables y considera que &#8220;el Tribunal se arroga el papel de legislador y dise\u00f1a un nuevo derecho previsional: declara que los haberes jubilatorios son de car\u00e1cter provisorio y a cuenta de los ajustes que en el futuro se calculen&#8221;.<\/p>\n<p>&nbsp;<\/p>\n<p>Y que &#8220;la ley 27.426 es constitucional&#8221; porque su &#8220;aplicaci\u00f3n no es retroactiva sino inmediata (rige las consecuencias de las relaciones jur\u00eddicas existentes al momento de su dictado), y sus disposiciones se ajustan al derecho vigente&#8221;.<\/p>\n","protected":false},"excerpt":{"rendered":"<p>La Anses apel\u00f3 el fallo que hab\u00eda declarado inconstitucional la aplicaci\u00f3n desde marzo de este a\u00f1o de la nueva f\u00f3rmula de movilidad que se aprob\u00f3 a fines de 2017, por encontrarse devengado el derecho de la f\u00f3rmula anterior hasta el 29 de diciembre. El organismo previsional argument\u00f3 que la sentencia es &#8220;arbitraria&#8221;, parte de un &#8220;error de encuadramiento&#8221; y que la aplicaci\u00f3n de la ley 27.426 &#8220;no es retroactiva sino inmediata&#8221; &nbsp; &nbsp; &nbsp; El fallo por mayor\u00eda del 5 de junio era de la Sala 3 de la C\u00e1mara&#8230;<\/p>\n","protected":false},"author":3,"featured_media":23240,"comment_status":"closed","ping_status":"closed","sticky":false,"template":"","format":"standard","meta":[],"categories":[2],"tags":[],"_links":{"self":[{"href":"https:\/\/www.actualidadadiario.com\/index.php\/wp-json\/wp\/v2\/posts\/29270"}],"collection":[{"href":"https:\/\/www.actualidadadiario.com\/index.php\/wp-json\/wp\/v2\/posts"}],"about":[{"href":"https:\/\/www.actualidadadiario.com\/index.php\/wp-json\/wp\/v2\/types\/post"}],"author":[{"embeddable":true,"href":"https:\/\/www.actualidadadiario.com\/index.php\/wp-json\/wp\/v2\/users\/3"}],"replies":[{"embeddable":true,"href":"https:\/\/www.actualidadadiario.com\/index.php\/wp-json\/wp\/v2\/comments?post=29270"}],"version-history":[{"count":1,"href":"https:\/\/www.actualidadadiario.com\/index.php\/wp-json\/wp\/v2\/posts\/29270\/revisions"}],"predecessor-version":[{"id":29271,"href":"https:\/\/www.actualidadadiario.com\/index.php\/wp-json\/wp\/v2\/posts\/29270\/revisions\/29271"}],"wp:featuredmedia":[{"embeddable":true,"href":"https:\/\/www.actualidadadiario.com\/index.php\/wp-json\/wp\/v2\/media\/23240"}],"wp:attachment":[{"href":"https:\/\/www.actualidadadiario.com\/index.php\/wp-json\/wp\/v2\/media?parent=29270"}],"wp:term":[{"taxonomy":"category","embeddable":true,"href":"https:\/\/www.actualidadadiario.com\/index.php\/wp-json\/wp\/v2\/categories?post=29270"},{"taxonomy":"post_tag","embeddable":true,"href":"https:\/\/www.actualidadadiario.com\/index.php\/wp-json\/wp\/v2\/tags?post=29270"}],"curies":[{"name":"wp","href":"https:\/\/api.w.org\/{rel}","templated":true}]}}