{"id":29267,"date":"2018-06-28T10:32:21","date_gmt":"2018-06-28T13:32:21","guid":{"rendered":"https:\/\/www.actualidadadiario.com\/?p=29267"},"modified":"2018-11-06T19:42:55","modified_gmt":"2018-11-06T22:42:55","slug":"mujeres-encadenadas-en-reclamo-por-la-busqueda-del-ara-san-juan","status":"publish","type":"post","link":"https:\/\/www.actualidadadiario.com\/index.php\/2018\/06\/28\/mujeres-encadenadas-en-reclamo-por-la-busqueda-del-ara-san-juan\/","title":{"rendered":"Mujeres encadenadas en reclamo por la b\u00fasqueda del ARA San Juan"},"content":{"rendered":"<p><em><strong>&#8220;No nos vamos a mover hasta que el Gobierno resuelva esta situaci\u00f3n&#8221;, dijeron familiares de los 44 tripulantes del submarino de la Armada desaparecido en noviembre<\/strong><\/em><\/p>\n<p>&nbsp;<\/p>\n<p>&nbsp;<\/p>\n<p>&nbsp;<\/p>\n<p>Un grupo de familiares de algunos de los 44 tripulantes del Submarino ARA San Juan se encadenaron este mi\u00e9rcoles en la Plaza de Mayo, con el objetivo de que el Gobierno acelere los pasos para licitar a una empresa que contin\u00fae con la b\u00fasqueda de la nave mar\u00edtima, desaparecida el pasado 15 de noviembre. &#8220;Sentimos abandono por parte del Gobierno nacional y de la Armada. Manifestamos nuestro dolor viniendo a acampar a la Casa Rosada. No nos vamos a mover hasta que el Gobierno resuelva esta situaci\u00f3n de buscar una empresa de cualquier pa\u00eds, que sea viable para hallar al submarino y a sus tripulantes&#8221;, indicaron las mujeres encadenadas. Adem\u00e1s, pidieron el &#8220;apoyo de toda la poblaci\u00f3n&#8221; y que &#8220;la gente se acerque&#8221; para &#8220;que vean y conozcan&#8221; el &#8220;dolor&#8221; de ellas.<\/p>\n<p>&nbsp;<\/p>\n<p>&#8220;Hoy, a casi ocho meses de abandono por parte del Gobierno y de la c\u00fapula (jefatura) de la Armada, estamos manifestando nuestro dolor acampando frente a la Casa Rosada (de Gobierno) como una estrategia m\u00e1s de lucha&#8221;, expres\u00f3 Marcela Moyano, esposa de Hern\u00e1n Rodr\u00edguez, uno de los marinos del ARA &#8220;San Juan&#8221;. En declaraciones al canal C5N, Moyano asegur\u00f3 que el Gobierno del presidente, Mauricio Macri, &#8220;nunca cumpli\u00f3&#8221; lo prometido con respecto a la b\u00fasqueda de la nave, que emiti\u00f3 su \u00faltima comunicaci\u00f3n el 25 de noviembre de 2017 cuando navegaba desde el puerto de Ushuaia hacia la base naval de Mar del Plata.<\/p>\n<p>&nbsp;<\/p>\n<p>Estas mujeres junto a otros familiares hab\u00edan mantenido m\u00e1s temprano una reuni\u00f3n con el ministro de Defensa, Oscar Aguad, que dur\u00f3 unos 90 minutos y que se torn\u00f3 m\u00e1s que tensa. &#8220;La preadjudicaci\u00f3n no est\u00e1 anulada&#8221;, asegur\u00f3 al portal lanaci\u00f3n.com Luis Tagliapietra, que es abogado y padre de uno de los desaparecidos. Tagliapietra, quien particip\u00f3 de la reuni\u00f3n, revel\u00f3 que Aguad les explic\u00f3 que &#8220;se le corri\u00f3 vista sobre la denuncia contra la empresa preadjudicada a la Oficina Nacional de Contrataciones (ONC) para que se expida sobre el planteo de una de las abogadas querellantes&#8221;.<\/p>\n<p>&nbsp;<\/p>\n<p>&#8220;Se comprometi\u00f3 en 48 horas firmar la contrataci\u00f3n. Fue muy positiva la reuni\u00f3n y sigue en pie la preadjudicaci\u00f3n a Igeotest hasta que salga la resoluci\u00f3n de la ONC para ver cu\u00e1l es si visi\u00f3n&#8221;, remarc\u00f3. Adem\u00e1s de Aguad, participaron de la reuni\u00f3n el jefe de la Armada, el vicealmirante Jos\u00e9 Luis Vill\u00e1n; Graciela Villata, secretaria de Servicios Log\u00edsticos para la Defensa y Coordinaci\u00f3n Militar, y uno de los t\u00e9cnicos de la comisi\u00f3n evaluadora.<\/p>\n<p>&nbsp;<\/p>\n<p>La empresa espa\u00f1ola Igeotest Geociencias y Exploraciones SL fue preseleccionada para buscar al submarino. El ge\u00f3logo Marcelo Devincenzi, director ejecutivo de la compa\u00f1\u00eda, dijo al diario La Naci\u00f3n, que en dos meses podr\u00eda iniciar el operativo de rastreo en el Atl\u00e1ntico. Antes, el Gobierno debe confirmar que la empresa fue la elegida. Seg\u00fan el Ministerio de Defensa, Igeotest result\u00f3 preseleccionada por sobre cuatro compa\u00f1\u00edas argentinas, tres estadounidenses y una paname\u00f1a. Si finalmente no fuera designada, el proceso quedar\u00e1 desierto.<\/p>\n","protected":false},"excerpt":{"rendered":"<p>&#8220;No nos vamos a mover hasta que el Gobierno resuelva esta situaci\u00f3n&#8221;, dijeron familiares de los 44 tripulantes del submarino de la Armada desaparecido en noviembre &nbsp; &nbsp; &nbsp; Un grupo de familiares de algunos de los 44 tripulantes del Submarino ARA San Juan se encadenaron este mi\u00e9rcoles en la Plaza de Mayo, con el objetivo de que el Gobierno acelere los pasos para licitar a una empresa que contin\u00fae con la b\u00fasqueda de la nave mar\u00edtima, desaparecida el pasado 15 de noviembre. &#8220;Sentimos abandono por parte del Gobierno nacional&#8230;<\/p>\n","protected":false},"author":3,"featured_media":29268,"comment_status":"closed","ping_status":"closed","sticky":false,"template":"","format":"standard","meta":[],"categories":[2],"tags":[],"_links":{"self":[{"href":"https:\/\/www.actualidadadiario.com\/index.php\/wp-json\/wp\/v2\/posts\/29267"}],"collection":[{"href":"https:\/\/www.actualidadadiario.com\/index.php\/wp-json\/wp\/v2\/posts"}],"about":[{"href":"https:\/\/www.actualidadadiario.com\/index.php\/wp-json\/wp\/v2\/types\/post"}],"author":[{"embeddable":true,"href":"https:\/\/www.actualidadadiario.com\/index.php\/wp-json\/wp\/v2\/users\/3"}],"replies":[{"embeddable":true,"href":"https:\/\/www.actualidadadiario.com\/index.php\/wp-json\/wp\/v2\/comments?post=29267"}],"version-history":[{"count":1,"href":"https:\/\/www.actualidadadiario.com\/index.php\/wp-json\/wp\/v2\/posts\/29267\/revisions"}],"predecessor-version":[{"id":29269,"href":"https:\/\/www.actualidadadiario.com\/index.php\/wp-json\/wp\/v2\/posts\/29267\/revisions\/29269"}],"wp:featuredmedia":[{"embeddable":true,"href":"https:\/\/www.actualidadadiario.com\/index.php\/wp-json\/wp\/v2\/media\/29268"}],"wp:attachment":[{"href":"https:\/\/www.actualidadadiario.com\/index.php\/wp-json\/wp\/v2\/media?parent=29267"}],"wp:term":[{"taxonomy":"category","embeddable":true,"href":"https:\/\/www.actualidadadiario.com\/index.php\/wp-json\/wp\/v2\/categories?post=29267"},{"taxonomy":"post_tag","embeddable":true,"href":"https:\/\/www.actualidadadiario.com\/index.php\/wp-json\/wp\/v2\/tags?post=29267"}],"curies":[{"name":"wp","href":"https:\/\/api.w.org\/{rel}","templated":true}]}}