{"id":29258,"date":"2018-06-28T10:30:15","date_gmt":"2018-06-28T13:30:15","guid":{"rendered":"https:\/\/www.actualidadadiario.com\/?p=29258"},"modified":"2018-11-06T19:43:00","modified_gmt":"2018-11-06T22:43:00","slug":"preocupacion-por-la-ruptura-de-la-cadena-de-pagos-ante-la-crisis-en-la-produccion","status":"publish","type":"post","link":"https:\/\/www.actualidadadiario.com\/index.php\/2018\/06\/28\/preocupacion-por-la-ruptura-de-la-cadena-de-pagos-ante-la-crisis-en-la-produccion\/","title":{"rendered":"Preocupaci\u00f3n por la ruptura de la cadena de pagos ante la crisis en la producci\u00f3n"},"content":{"rendered":"<p><em><strong>El Gobierno tom\u00f3 nota de una advertencia que los empresarios hab\u00edan hecho llegar a la Casa Rosada: la crisis en la producci\u00f3n gener\u00f3 una ruptura en la cadena de pagos, lo que dej\u00f3 a varias f\u00e1bricas y comercios al borde de la crisis total. Fue el ministro Dante Sica el que confirm\u00f3 que los bancos le confirmaron que se elev\u00f3 la cantidad de cheques rechazados aunque se\u00f1al\u00f3 que a\u00fan no hay un aumento en la mora bancaria<\/strong><\/em><\/p>\n<p>&nbsp;<\/p>\n<p>&nbsp;<\/p>\n<p>&nbsp;<\/p>\n<p>&nbsp;<\/p>\n<p>&#8220;Los bancos no ven aumentos de mora pero s\u00ed de cheques rechazados. Y eso empieza a generar una alerta&#8221;, dijo el ministro de Producci\u00f3n en declaraciones a Radio Mitre. Haber admitido esta situaci\u00f3n gener\u00f3 tranquilidad entre los due\u00f1os de empresas porque se\u00f1alaron que &#8220;la mejor forma de cambiar algo es admitiendo la realidad, algo que hasta el momento no se hab\u00eda manifestado&#8221;.<\/p>\n<p>&nbsp;<\/p>\n<p>Los empresarios hab\u00edan advertido de la crisis en ascenso en la industria con la ruptura en la cadena de pagos producto de la ca\u00edda de las ventas y el efecto devaluatorio. En el seno de la UIA, varios industriales hab\u00edan se\u00f1alado que ten\u00edan en el sistema de cobro a 90 y 120 d\u00edas el cobro de productos vendidos a con un tipo de cambio a $19 el d\u00f3lar, cuando en la actualidad hab\u00eda superado los $28.<\/p>\n<p>&nbsp;<\/p>\n<p>Una de las entidades que hab\u00eda alertado por el fen\u00f3meno en curso fue la Uni\u00f3n Industrial de la provincia de Buenos Aires, cuando reclam\u00f3 por &#8220;la escasez de financiamiento para el desarrollo pyme, junto con una pol\u00edtica de elevadas tasas de inter\u00e9s dispuesta por la referencia del Banco Central&#8221; que se hab\u00eda desatado con la &#8220;turbulencia&#8221; del mercado que elev\u00f3 el precio del d\u00f3lar.<\/p>\n<p>&nbsp;<\/p>\n<p>Los bonaerenses hab\u00edan se\u00f1alado que ambas variables &#8220;hab\u00edan provocaron un ahogo financiero en el sector industrial, que necesita liquidez para inversiones, mantener din\u00e1mica la cadena de pagos y enfrentar situaciones por fuera de la normal actividad&#8221;.<\/p>\n<p>&nbsp;<\/p>\n<p>La preocupaci\u00f3n de la UIPBA hab\u00eda surgido por el estado de situaci\u00f3n de las pymes, muchas de las cuales mostraron una crisis con fuerte impacto en el empleo formal, que seg\u00fan algunos empresarios ligados a la alimentaci\u00f3n podr\u00eda superar los 80.000 puestos menos desde la asunci\u00f3n del presidente Mauricio Macri.<\/p>\n<p>&nbsp;<\/p>\n<p>&#8220;La prioridad en los pr\u00f3ximos meses es trabajar sobre las cadenas de pagos de las pymes, ya que muchas son proveedoras o clientes de grandes empresas&#8221;, enfatiz\u00f3 Sica, quien sin embargo aclar\u00f3 que &#8220;no es que la econom\u00eda pas\u00f3 de crecimiento a ca\u00edda&#8221;. &#8220;Tenemos una desaceleraci\u00f3n por el impacto de estos meses, pero con lo que estamos haciendo nos vamos a recuperar&#8221;, dijo para buscar tranquilidad en el sector.<\/p>\n<p>&nbsp;<\/p>\n<p>El anuncio de una nueva ley pyme, realizada ayer por Macri, gener\u00f3 expectativas entre los industriales aunque reclaman que los efectos sean &#8220;inmediatos&#8221;. &#8220;La ley Pyme en vigencia tard\u00f3 un a\u00f1o desde su aprobaci\u00f3n para empezar con los primeros efectos. Ante el panorama de recesi\u00f3n que se ve para los pr\u00f3ximos meses, es necesario que se tomen medidas de inmediato para evitar que haya m\u00e1s cierre de f\u00e1bricas porque no aguanten a los efectos de una ley que puede ser muy buena pero anacr\u00f3nica&#8221;, afirm\u00f3 una fuente de la UIA.<\/p>\n","protected":false},"excerpt":{"rendered":"<p>El Gobierno tom\u00f3 nota de una advertencia que los empresarios hab\u00edan hecho llegar a la Casa Rosada: la crisis en la producci\u00f3n gener\u00f3 una ruptura en la cadena de pagos, lo que dej\u00f3 a varias f\u00e1bricas y comercios al borde de la crisis total. Fue el ministro Dante Sica el que confirm\u00f3 que los bancos le confirmaron que se elev\u00f3 la cantidad de cheques rechazados aunque se\u00f1al\u00f3 que a\u00fan no hay un aumento en la mora bancaria &nbsp; &nbsp; &nbsp; &nbsp; &#8220;Los bancos no ven aumentos de mora pero s\u00ed&#8230;<\/p>\n","protected":false},"author":3,"featured_media":29259,"comment_status":"closed","ping_status":"closed","sticky":false,"template":"","format":"standard","meta":[],"categories":[2],"tags":[],"_links":{"self":[{"href":"https:\/\/www.actualidadadiario.com\/index.php\/wp-json\/wp\/v2\/posts\/29258"}],"collection":[{"href":"https:\/\/www.actualidadadiario.com\/index.php\/wp-json\/wp\/v2\/posts"}],"about":[{"href":"https:\/\/www.actualidadadiario.com\/index.php\/wp-json\/wp\/v2\/types\/post"}],"author":[{"embeddable":true,"href":"https:\/\/www.actualidadadiario.com\/index.php\/wp-json\/wp\/v2\/users\/3"}],"replies":[{"embeddable":true,"href":"https:\/\/www.actualidadadiario.com\/index.php\/wp-json\/wp\/v2\/comments?post=29258"}],"version-history":[{"count":1,"href":"https:\/\/www.actualidadadiario.com\/index.php\/wp-json\/wp\/v2\/posts\/29258\/revisions"}],"predecessor-version":[{"id":29260,"href":"https:\/\/www.actualidadadiario.com\/index.php\/wp-json\/wp\/v2\/posts\/29258\/revisions\/29260"}],"wp:featuredmedia":[{"embeddable":true,"href":"https:\/\/www.actualidadadiario.com\/index.php\/wp-json\/wp\/v2\/media\/29259"}],"wp:attachment":[{"href":"https:\/\/www.actualidadadiario.com\/index.php\/wp-json\/wp\/v2\/media?parent=29258"}],"wp:term":[{"taxonomy":"category","embeddable":true,"href":"https:\/\/www.actualidadadiario.com\/index.php\/wp-json\/wp\/v2\/categories?post=29258"},{"taxonomy":"post_tag","embeddable":true,"href":"https:\/\/www.actualidadadiario.com\/index.php\/wp-json\/wp\/v2\/tags?post=29258"}],"curies":[{"name":"wp","href":"https:\/\/api.w.org\/{rel}","templated":true}]}}