{"id":29255,"date":"2018-06-28T10:29:31","date_gmt":"2018-06-28T13:29:31","guid":{"rendered":"https:\/\/www.actualidadadiario.com\/?p=29255"},"modified":"2018-11-06T19:43:00","modified_gmt":"2018-11-06T22:43:00","slug":"el-gobierno-admitio-que-cerraron-4-787-empresas-en-dos-anos","status":"publish","type":"post","link":"https:\/\/www.actualidadadiario.com\/index.php\/2018\/06\/28\/el-gobierno-admitio-que-cerraron-4-787-empresas-en-dos-anos\/","title":{"rendered":"El Gobierno admiti\u00f3 que cerraron 4.787 empresas en dos a\u00f1os"},"content":{"rendered":"<p><em><strong>En el documento de m\u00e1s de 800 p\u00e1ginas que el jefe de Gabinete, Marcos Pe\u00f1a, present\u00f3 ayer en el Congreso, el Gobierno admite abiertamente y en contraposici\u00f3n al discurso oficial, que desaparecieron 4.787 empresas pymes, entre el 2016 y 2017<\/strong><\/em><\/p>\n<p>&nbsp;<\/p>\n<p>&nbsp;<\/p>\n<p>&nbsp;<\/p>\n<p>&nbsp;<\/p>\n<p>Estos datos fueron expuestos por la Confederaci\u00f3n General Empresaria (Cgera) mediante un comunicado en el que dice que &#8220;el saldo negativo entre las peque\u00f1as y medianas empresas que cerraron y abrieron en los a\u00f1os 2016 y 2017, fue de 4.787. En este sentido, Marcelo Fern\u00e1ndez, presidente de la entidad, afirm\u00f3 que &#8220;es lo que venimos advirtiendo desde los sectores de la producci\u00f3n&#8221; y agreg\u00f3 que &#8220;no entendemos la pol\u00edtica de no sentarse a dialogar con las pymes que quieren aportar soluciones para superar esta situaci\u00f3n&#8221;.<\/p>\n<p>&nbsp;<\/p>\n<p>En la estimaci\u00f3n preliminar de cierres de empresas, la Cgera hace notar que &#8220;se desprende que el cese empresas de 2016 y 2017 fue de 69.325 (11,4% del total de empresas) y 72.950 (12%), respectivamente. Las aperturas de empresas fueron de 67.104 y 70.384 (2016 y 2017)&#8221;.<\/p>\n<p>&nbsp;<\/p>\n<p>&#8220;Desde Cgera, junto con la CGT estamos trabajando en conjunto para diagramar propuestas que permitan frenar esta ca\u00edda&#8221; se\u00f1al\u00f3 Fern\u00e1ndez, en referencia a las reuniones que est\u00e1n llevando a cabo para presentar un documento t\u00e9cnico. Por \u00faltimo, afirm\u00f3 que &#8220;esperamos que el reconocimiento de esta situaci\u00f3n sirva para que los funcionarios convoquen a una amplia mesa de trabajo&#8221;.<\/p>\n","protected":false},"excerpt":{"rendered":"<p>En el documento de m\u00e1s de 800 p\u00e1ginas que el jefe de Gabinete, Marcos Pe\u00f1a, present\u00f3 ayer en el Congreso, el Gobierno admite abiertamente y en contraposici\u00f3n al discurso oficial, que desaparecieron 4.787 empresas pymes, entre el 2016 y 2017 &nbsp; &nbsp; &nbsp; &nbsp; Estos datos fueron expuestos por la Confederaci\u00f3n General Empresaria (Cgera) mediante un comunicado en el que dice que &#8220;el saldo negativo entre las peque\u00f1as y medianas empresas que cerraron y abrieron en los a\u00f1os 2016 y 2017, fue de 4.787. En este sentido, Marcelo Fern\u00e1ndez, presidente&#8230;<\/p>\n","protected":false},"author":3,"featured_media":29256,"comment_status":"closed","ping_status":"closed","sticky":false,"template":"","format":"standard","meta":[],"categories":[2],"tags":[],"_links":{"self":[{"href":"https:\/\/www.actualidadadiario.com\/index.php\/wp-json\/wp\/v2\/posts\/29255"}],"collection":[{"href":"https:\/\/www.actualidadadiario.com\/index.php\/wp-json\/wp\/v2\/posts"}],"about":[{"href":"https:\/\/www.actualidadadiario.com\/index.php\/wp-json\/wp\/v2\/types\/post"}],"author":[{"embeddable":true,"href":"https:\/\/www.actualidadadiario.com\/index.php\/wp-json\/wp\/v2\/users\/3"}],"replies":[{"embeddable":true,"href":"https:\/\/www.actualidadadiario.com\/index.php\/wp-json\/wp\/v2\/comments?post=29255"}],"version-history":[{"count":1,"href":"https:\/\/www.actualidadadiario.com\/index.php\/wp-json\/wp\/v2\/posts\/29255\/revisions"}],"predecessor-version":[{"id":29257,"href":"https:\/\/www.actualidadadiario.com\/index.php\/wp-json\/wp\/v2\/posts\/29255\/revisions\/29257"}],"wp:featuredmedia":[{"embeddable":true,"href":"https:\/\/www.actualidadadiario.com\/index.php\/wp-json\/wp\/v2\/media\/29256"}],"wp:attachment":[{"href":"https:\/\/www.actualidadadiario.com\/index.php\/wp-json\/wp\/v2\/media?parent=29255"}],"wp:term":[{"taxonomy":"category","embeddable":true,"href":"https:\/\/www.actualidadadiario.com\/index.php\/wp-json\/wp\/v2\/categories?post=29255"},{"taxonomy":"post_tag","embeddable":true,"href":"https:\/\/www.actualidadadiario.com\/index.php\/wp-json\/wp\/v2\/tags?post=29255"}],"curies":[{"name":"wp","href":"https:\/\/api.w.org\/{rel}","templated":true}]}}