{"id":29250,"date":"2018-06-28T10:26:31","date_gmt":"2018-06-28T13:26:31","guid":{"rendered":"https:\/\/www.actualidadadiario.com\/?p=29250"},"modified":"2018-11-06T19:43:00","modified_gmt":"2018-11-06T22:43:00","slug":"la-defensoria-del-pueblo-advirtio-sobre-la-grave-crisis-institucional-que-existe-en-parana","status":"publish","type":"post","link":"https:\/\/www.actualidadadiario.com\/index.php\/2018\/06\/28\/la-defensoria-del-pueblo-advirtio-sobre-la-grave-crisis-institucional-que-existe-en-parana\/","title":{"rendered":"La Defensor\u00eda del Pueblo advirti\u00f3 sobre la \u201cgrave crisis institucional\u201d que existe en Paran\u00e1"},"content":{"rendered":"<p><em><strong>El Defensor del Pueblo de Paran\u00e1, Luis Garay, asegur\u00f3 que en la Municipalidad existe una \u201cgrave crisis institucional\u201d, a la vez que mencion\u00f3 que se ha generado un vac\u00edo por la falta de respuestas a los reclamos de los vecinos, acentuado en los \u00faltimos dos meses, que ha convertido en \u201crehenes\u201d a los paranaenses<\/strong><\/em><\/p>\n<p>&nbsp;<\/p>\n<p>&nbsp;<\/p>\n<p>&nbsp;<\/p>\n<p>En la Municipalidad existe \u201cuna grave crisis institucional. Al margen de las disputas que puede haber entre los dos poderes (el Departamento Ejecutivo y el Concejo Deliberante), nada hace que se pueda interrumpir una sesi\u00f3n del Concejo\u201d, afirm\u00f3 en referencia al esc\u00e1ndalo de las sesiones frustradas por las agresiones de la barra y la irrupci\u00f3n del intendente Sergio Varisco.<\/p>\n<p>&nbsp;<\/p>\n<p>\u201cHay cuestiones institucionales que deben respetarse. Todos fueron elegidos por la ciudadan\u00eda: el Intendente, la Viceintendenta (Josefina Etienot) y los concejales y cada uno en su rol merece respeto\u201d, puntualiz\u00f3.<\/p>\n<p>&nbsp;<\/p>\n<p>Garay reclam\u00f3: \u201cTiene que primar la cordura. Hay que poner pa\u00f1os fr\u00edos para que empecemos a recuperar la institucionalidad y que la Justicia act\u00fae. Me preocupa el \u2018mientras tanto\u2019, porque los paranaenses est\u00e1n rehenes de esta situaci\u00f3n y no tienen respuestas del Gobierno\u201d<\/p>\n<p>&nbsp;<\/p>\n<p>La visi\u00f3n de la Defensor\u00eda del Pueblo sobre el conflicto que existe en el Gobierno municipal tiene que ver \u201ccon la preocupaci\u00f3n que tienen los ciudadanos cuando no encuentran respuestas por parte del Departamento Ejecutivo\u201d, precis\u00f3.<\/p>\n<p>&nbsp;<\/p>\n<p>\u201cVemos que hay muchas actuaciones que se han hecho en la Defensor\u00eda y que enviamos para que sean resueltas y existen m\u00e1s demoras y cuestiones que tienen que ver con que hay una evidente falta de funcionarios que est\u00e9n trabajando y que est\u00e9n comprometidos en dar respuesta a los ciudadanos. Esto se ha acentuado en los dos \u00faltimos meses\u201d, afirm\u00f3.<\/p>\n<p>&nbsp;<\/p>\n<p>\u201cLos vecinalista est\u00e1n planteando que ellos tambi\u00e9n intentan hablar con funcionarios y no encuentran puertas abiertas o interlocutores\u201d, rese\u00f1\u00f3.<\/p>\n<p>&nbsp;<\/p>\n<p>Garay consign\u00f3: \u201cNosotros como Defensor\u00eda tenemos un rol que es el de acompa\u00f1ar el reclamo y ah\u00ed es donde tambi\u00e9n sentimos que hay un perjuicio hacia el ciudadano\u201d.<\/p>\n<p>&nbsp;<\/p>\n<p>\u201cLos ciudadanos est\u00e1n expectantes y parece que los funcionarios tambi\u00e9n est\u00e1n esperando a ver qu\u00e9 pasar\u00e1. Creo que si no se resuelven las cuestiones no estructurales, sino cotidianas de luminarias, de bacheo y de recolecci\u00f3n de residuos, el malestar se ir\u00e1 generalizando m\u00e1s\u201d, augur\u00f3.<\/p>\n<p>&nbsp;<\/p>\n<p>El Defensor puntualiz\u00f3 que un problema concreto es el transporte. \u201cEl 8 de julio empieza la nueva concesi\u00f3n. Nosotros hemos planteado por escrito que tiene que estar debidamente se\u00f1alizado e informado el nuevo recorrido y no vemos que se est\u00e9 haciendo. No vemos que est\u00e9n pintadas las nuevas paradas y colocadas las 50 nuevas garitas que dijeron que iban a instalar. (Ricardo) Frank dijo que las ten\u00edan compradas\u201d.<\/p>\n<p>&nbsp;<\/p>\n<p>\u201cImplementar un nuevo sistema, sobre el cual creo que los ciudadanos no est\u00e1n debidamente informados, traer\u00e1 una situaci\u00f3n de malestar muy grande por parte de los usuarios\u201d, estim\u00f3.<\/p>\n<p>&nbsp;<\/p>\n<p>La sensaci\u00f3n de par\u00e1lisis del Estado municipal \u201ces la de los vecinos que van a hacer un reclamo y no encuentran las respuestas que se estaban dando. Esto, como Defensor\u00eda, nos preocupa\u201d.<\/p>\n<p>&nbsp;<\/p>\n<p>\u201cOjal\u00e1 esto tenga una soluci\u00f3n, que no la daremos nosotros como Defensor\u00eda. El Intendente ha tomado la postura de mantener su cargo. Es una decisi\u00f3n de \u00e9l, la Justicia a\u00fan no se ha expedido en c\u00f3mo terminar\u00e1 esta historia. Como Defensor\u00eda, lo \u00fanico que podemos hacer es tomar los reclamos de la ciudadan\u00eda, acompa\u00f1ando a los vecinos y exigir, en el marco de la institucionalidad, que se cumpla con los pedidos de los paranaenses, que es la obligaci\u00f3n de los funcionarios\u201d, concluy\u00f3.<\/p>\n","protected":false},"excerpt":{"rendered":"<p>El Defensor del Pueblo de Paran\u00e1, Luis Garay, asegur\u00f3 que en la Municipalidad existe una \u201cgrave crisis institucional\u201d, a la vez que mencion\u00f3 que se ha generado un vac\u00edo por la falta de respuestas a los reclamos de los vecinos, acentuado en los \u00faltimos dos meses, que ha convertido en \u201crehenes\u201d a los paranaenses &nbsp; &nbsp; &nbsp; En la Municipalidad existe \u201cuna grave crisis institucional. Al margen de las disputas que puede haber entre los dos poderes (el Departamento Ejecutivo y el Concejo Deliberante), nada hace que se pueda interrumpir&#8230;<\/p>\n","protected":false},"author":3,"featured_media":29251,"comment_status":"closed","ping_status":"closed","sticky":false,"template":"","format":"standard","meta":[],"categories":[15],"tags":[],"_links":{"self":[{"href":"https:\/\/www.actualidadadiario.com\/index.php\/wp-json\/wp\/v2\/posts\/29250"}],"collection":[{"href":"https:\/\/www.actualidadadiario.com\/index.php\/wp-json\/wp\/v2\/posts"}],"about":[{"href":"https:\/\/www.actualidadadiario.com\/index.php\/wp-json\/wp\/v2\/types\/post"}],"author":[{"embeddable":true,"href":"https:\/\/www.actualidadadiario.com\/index.php\/wp-json\/wp\/v2\/users\/3"}],"replies":[{"embeddable":true,"href":"https:\/\/www.actualidadadiario.com\/index.php\/wp-json\/wp\/v2\/comments?post=29250"}],"version-history":[{"count":1,"href":"https:\/\/www.actualidadadiario.com\/index.php\/wp-json\/wp\/v2\/posts\/29250\/revisions"}],"predecessor-version":[{"id":29252,"href":"https:\/\/www.actualidadadiario.com\/index.php\/wp-json\/wp\/v2\/posts\/29250\/revisions\/29252"}],"wp:featuredmedia":[{"embeddable":true,"href":"https:\/\/www.actualidadadiario.com\/index.php\/wp-json\/wp\/v2\/media\/29251"}],"wp:attachment":[{"href":"https:\/\/www.actualidadadiario.com\/index.php\/wp-json\/wp\/v2\/media?parent=29250"}],"wp:term":[{"taxonomy":"category","embeddable":true,"href":"https:\/\/www.actualidadadiario.com\/index.php\/wp-json\/wp\/v2\/categories?post=29250"},{"taxonomy":"post_tag","embeddable":true,"href":"https:\/\/www.actualidadadiario.com\/index.php\/wp-json\/wp\/v2\/tags?post=29250"}],"curies":[{"name":"wp","href":"https:\/\/api.w.org\/{rel}","templated":true}]}}