{"id":29247,"date":"2018-06-28T10:25:48","date_gmt":"2018-06-28T13:25:48","guid":{"rendered":"https:\/\/www.actualidadadiario.com\/?p=29247"},"modified":"2018-11-06T19:43:00","modified_gmt":"2018-11-06T22:43:00","slug":"desde-la-ucr-nacional-desmienten-que-hayan-suspendido-la-afiliacion-de-varisco","status":"publish","type":"post","link":"https:\/\/www.actualidadadiario.com\/index.php\/2018\/06\/28\/desde-la-ucr-nacional-desmienten-que-hayan-suspendido-la-afiliacion-de-varisco\/","title":{"rendered":"Desde la UCR nacional desmienten que hayan suspendido la afiliaci\u00f3n de Varisco"},"content":{"rendered":"<p><em><strong>Fuentes del Comit\u00e9 Nacional de la UCR aseguraron que no suspendieron la afiliaci\u00f3n del Intendente de Paran\u00e1 al centenario partido. Admitieron que la Comisi\u00f3n de \u00c9tica de Cambiemos les sugiri\u00f3 que tomen una decisi\u00f3n en ese sentido, pero aclararon que hasta ahora no se tom\u00f3 ninguna determinaci\u00f3n<\/strong><\/em><\/p>\n<p>&nbsp;<\/p>\n<p>&nbsp;<\/p>\n<p>&nbsp;<\/p>\n<p>El diario La Naci\u00f3n public\u00f3 que, a instancias de una sugerencia de la Comisi\u00f3n de \u00c9tica de Cambiemos, la UCR nacional resolvi\u00f3 suspender a Varisco como afiliado hasta que se aclare su situaci\u00f3n judicial (est\u00e1 procesado en una causa que lo vincula al narcotr\u00e1fico).<\/p>\n<p>&nbsp;<\/p>\n<p>Desde el Comit\u00e9 Nacional del centenario partido salieron a desmentir tal informaci\u00f3n. Si bien confirmaron que la Comisi\u00f3n de \u00c9tica de Cambiemos sugiri\u00f3 a la UCR que aplique alg\u00fan tipo de sanci\u00f3n, \u201cel tema todav\u00eda no fue abordado por el Tribunal de \u00c9tica de la UCR\u201d.<\/p>\n<p>&nbsp;<\/p>\n<p>\u201cEst\u00e1 a consideraci\u00f3n del Tribunal de \u00c9tica de la UCR, pero todav\u00eda no hay definieron nada\u201d, dijeron fuentes radicales, y adelantaron que en los pr\u00f3ximos d\u00edas podr\u00eda haber novedades al respecto.<\/p>\n<p>&nbsp;<\/p>\n<p>No obstante, es el Comit\u00e9 Provincial de la UCR quien tiene la potestad de desafiliarlo. La UCR nacional s\u00f3lo lo podr\u00e1 desplazar de los cargos partidarios: Varisco es delegado al Comit\u00e9 Nacional y vicepresidente del Foro Nacional de Intendentes de la UCR.<\/p>\n","protected":false},"excerpt":{"rendered":"<p>Fuentes del Comit\u00e9 Nacional de la UCR aseguraron que no suspendieron la afiliaci\u00f3n del Intendente de Paran\u00e1 al centenario partido. Admitieron que la Comisi\u00f3n de \u00c9tica de Cambiemos les sugiri\u00f3 que tomen una decisi\u00f3n en ese sentido, pero aclararon que hasta ahora no se tom\u00f3 ninguna determinaci\u00f3n &nbsp; &nbsp; &nbsp; El diario La Naci\u00f3n public\u00f3 que, a instancias de una sugerencia de la Comisi\u00f3n de \u00c9tica de Cambiemos, la UCR nacional resolvi\u00f3 suspender a Varisco como afiliado hasta que se aclare su situaci\u00f3n judicial (est\u00e1 procesado en una causa que&#8230;<\/p>\n","protected":false},"author":3,"featured_media":29248,"comment_status":"closed","ping_status":"closed","sticky":false,"template":"","format":"standard","meta":[],"categories":[15],"tags":[],"_links":{"self":[{"href":"https:\/\/www.actualidadadiario.com\/index.php\/wp-json\/wp\/v2\/posts\/29247"}],"collection":[{"href":"https:\/\/www.actualidadadiario.com\/index.php\/wp-json\/wp\/v2\/posts"}],"about":[{"href":"https:\/\/www.actualidadadiario.com\/index.php\/wp-json\/wp\/v2\/types\/post"}],"author":[{"embeddable":true,"href":"https:\/\/www.actualidadadiario.com\/index.php\/wp-json\/wp\/v2\/users\/3"}],"replies":[{"embeddable":true,"href":"https:\/\/www.actualidadadiario.com\/index.php\/wp-json\/wp\/v2\/comments?post=29247"}],"version-history":[{"count":1,"href":"https:\/\/www.actualidadadiario.com\/index.php\/wp-json\/wp\/v2\/posts\/29247\/revisions"}],"predecessor-version":[{"id":29249,"href":"https:\/\/www.actualidadadiario.com\/index.php\/wp-json\/wp\/v2\/posts\/29247\/revisions\/29249"}],"wp:featuredmedia":[{"embeddable":true,"href":"https:\/\/www.actualidadadiario.com\/index.php\/wp-json\/wp\/v2\/media\/29248"}],"wp:attachment":[{"href":"https:\/\/www.actualidadadiario.com\/index.php\/wp-json\/wp\/v2\/media?parent=29247"}],"wp:term":[{"taxonomy":"category","embeddable":true,"href":"https:\/\/www.actualidadadiario.com\/index.php\/wp-json\/wp\/v2\/categories?post=29247"},{"taxonomy":"post_tag","embeddable":true,"href":"https:\/\/www.actualidadadiario.com\/index.php\/wp-json\/wp\/v2\/tags?post=29247"}],"curies":[{"name":"wp","href":"https:\/\/api.w.org\/{rel}","templated":true}]}}