{"id":29242,"date":"2018-06-28T10:24:22","date_gmt":"2018-06-28T13:24:22","guid":{"rendered":"https:\/\/www.actualidadadiario.com\/?p=29242"},"modified":"2018-11-06T19:43:00","modified_gmt":"2018-11-06T22:43:00","slug":"agmer-adhiere-al-paro-dispuesto-por-ctera","status":"publish","type":"post","link":"https:\/\/www.actualidadadiario.com\/index.php\/2018\/06\/28\/agmer-adhiere-al-paro-dispuesto-por-ctera\/","title":{"rendered":"AGMER adhiere al paro dispuesto por CTERA"},"content":{"rendered":"<p><em><strong>En consonancia con el paro nacional dispuesto por CTERA, la Asociaci\u00f3n Gremial del Magisterio de Entre R\u00edos confirm\u00f3 que adhiere a la huelga nacional convocada para el pr\u00f3ximo martes 3 de julio<\/strong><\/em><\/p>\n<p>&nbsp;<\/p>\n<p>&nbsp;<\/p>\n<p>&nbsp;<\/p>\n<p>Desde el gremio repudiaron &#8220;la represi\u00f3n sufrida por los docentes de las provincias de Corrientes y de Chubut&#8221;, y se\u00f1alaron que ante esa situaci\u00f3n &#8220;somos convocados a manifestar nuestro rechazo a las pol\u00edticas de ajuste y la consecuente represi\u00f3n aplicadas desde el gobierno nacional&#8221;.<\/p>\n<p>&nbsp;<\/p>\n<p>El paro se llevar\u00e1 a cabo con una movilizaci\u00f3n hasta las puertas del Ministerio de Educaci\u00f3n de la Naci\u00f3n, &#8220;para exigir verdaderas respuestas a las demandas de salarios dignos&#8221; para los trabajadores de la educaci\u00f3n, se\u00f1alaron desde la Comisi\u00f3n Directiva de Agmer.<\/p>\n","protected":false},"excerpt":{"rendered":"<p>En consonancia con el paro nacional dispuesto por CTERA, la Asociaci\u00f3n Gremial del Magisterio de Entre R\u00edos confirm\u00f3 que adhiere a la huelga nacional convocada para el pr\u00f3ximo martes 3 de julio &nbsp; &nbsp; &nbsp; Desde el gremio repudiaron &#8220;la represi\u00f3n sufrida por los docentes de las provincias de Corrientes y de Chubut&#8221;, y se\u00f1alaron que ante esa situaci\u00f3n &#8220;somos convocados a manifestar nuestro rechazo a las pol\u00edticas de ajuste y la consecuente represi\u00f3n aplicadas desde el gobierno nacional&#8221;. &nbsp; El paro se llevar\u00e1 a cabo con una movilizaci\u00f3n hasta&#8230;<\/p>\n","protected":false},"author":3,"featured_media":20804,"comment_status":"closed","ping_status":"closed","sticky":false,"template":"","format":"standard","meta":[],"categories":[15],"tags":[],"_links":{"self":[{"href":"https:\/\/www.actualidadadiario.com\/index.php\/wp-json\/wp\/v2\/posts\/29242"}],"collection":[{"href":"https:\/\/www.actualidadadiario.com\/index.php\/wp-json\/wp\/v2\/posts"}],"about":[{"href":"https:\/\/www.actualidadadiario.com\/index.php\/wp-json\/wp\/v2\/types\/post"}],"author":[{"embeddable":true,"href":"https:\/\/www.actualidadadiario.com\/index.php\/wp-json\/wp\/v2\/users\/3"}],"replies":[{"embeddable":true,"href":"https:\/\/www.actualidadadiario.com\/index.php\/wp-json\/wp\/v2\/comments?post=29242"}],"version-history":[{"count":1,"href":"https:\/\/www.actualidadadiario.com\/index.php\/wp-json\/wp\/v2\/posts\/29242\/revisions"}],"predecessor-version":[{"id":29243,"href":"https:\/\/www.actualidadadiario.com\/index.php\/wp-json\/wp\/v2\/posts\/29242\/revisions\/29243"}],"wp:featuredmedia":[{"embeddable":true,"href":"https:\/\/www.actualidadadiario.com\/index.php\/wp-json\/wp\/v2\/media\/20804"}],"wp:attachment":[{"href":"https:\/\/www.actualidadadiario.com\/index.php\/wp-json\/wp\/v2\/media?parent=29242"}],"wp:term":[{"taxonomy":"category","embeddable":true,"href":"https:\/\/www.actualidadadiario.com\/index.php\/wp-json\/wp\/v2\/categories?post=29242"},{"taxonomy":"post_tag","embeddable":true,"href":"https:\/\/www.actualidadadiario.com\/index.php\/wp-json\/wp\/v2\/tags?post=29242"}],"curies":[{"name":"wp","href":"https:\/\/api.w.org\/{rel}","templated":true}]}}