{"id":29239,"date":"2018-06-28T10:23:45","date_gmt":"2018-06-28T13:23:45","guid":{"rendered":"https:\/\/www.actualidadadiario.com\/?p=29239"},"modified":"2018-11-06T19:43:00","modified_gmt":"2018-11-06T22:43:00","slug":"bordet-los-esfuerzos-tienen-que-ser-equitativos-y-cada-uno-debe-asumir-el-rol-que-le-corresponde","status":"publish","type":"post","link":"https:\/\/www.actualidadadiario.com\/index.php\/2018\/06\/28\/bordet-los-esfuerzos-tienen-que-ser-equitativos-y-cada-uno-debe-asumir-el-rol-que-le-corresponde\/","title":{"rendered":"Bordet: \u201cLos esfuerzos tienen que ser equitativos y cada uno debe asumir el rol que le corresponde\u201d"},"content":{"rendered":"<p><em><strong>El gobernador Gustavo Bordet manifest\u00f3 su preocupaci\u00f3n por la variables macroecon\u00f3micas, garantiz\u00f3 apoyo legislativo a las herramientas que Naci\u00f3n necesita para gobernar pero dej\u00f3 en claro que es el gobierno nacional es que debe hacerse cargo y resolver los problemas de los argentinos<\/strong><\/em><\/p>\n<p>&nbsp;<\/p>\n<p>&nbsp;<\/p>\n<p>&nbsp;<\/p>\n<p>\u201cEstamos dispuestos a hacer los aportes necesarios, pero con responsabilidad, equidad y asumiendo el rol que a cada uno nos toque&#8221;, afirm\u00f3.<\/p>\n<p>&nbsp;<\/p>\n<p>Fue en Concepci\u00f3n del Uruguay, donde fue consultado por la prensa local previo al cierre de la reuni\u00f3n plenaria del Comit\u00e9 para el Desarrollo de la Cuenca del R\u00edo Uruguay en la que el intendente de la localidad, Jos\u00e9 Lauritto, asumi\u00f3 la presidencia pro t\u00e9mpore del organismo de manos de su par de Paysand\u00fa, Guillermo Caraballo.<\/p>\n<p>&nbsp;<\/p>\n<p>El mandatario tambi\u00e9n estuvo en la Universidad Tecnol\u00f3gica Nacional, donde entreg\u00f3 aportes a la Asociaci\u00f3n de Apoyo a la Facultad Regional Concepci\u00f3n del Uruguay por un mill\u00f3n de pesos que ser\u00e1n destinados a obras, y a instituciones, municipios y juntas de gobierno del departamento.<\/p>\n<p>&nbsp;<\/p>\n<p>\u201cEstamos muy preocupados por las variables macroecon\u00f3micas a nivel nacional. Venimos equilibrando la provincia y estamos muy cerca despu\u00e9s de haber venido con un d\u00e9ficit estructural muy grande, y el horizonte que tenemos por delante es complejo\u201d, expres\u00f3 Bordet.<\/p>\n<p>&nbsp;<\/p>\n<p>Se refiri\u00f3 a la reuni\u00f3n que mantuvo en las \u00faltimas horas con un grupo de gobernadores del justicialismo con quienes coincidi\u00f3 en darle al gobierno nacional apoyo legislativo a las herramientas que necesita para la gesti\u00f3n. \u201cPero nosotros no co-gobernamos, el que gobierna es el gobierno nacional y por lo tanto tiene que hacerse cargo de los errores y resolver los problemas de los argentinos\u201d, manifest\u00f3.<\/p>\n<p>&nbsp;<\/p>\n<p>\u201cEntendemos que hay metas fiscales que tienen que alcanzarse, pero queremos que en la consecuci\u00f3n de esas metas fiscales exista un criterio de equidad. Estamos dispuestos a hacer un esfuerzo, pero tiene que ser equitativo&#8221;, insisti\u00f3. &#8220;Entendemos que nos tiene que ir bien a todos los estamentos de gobierno porque en definitiva le va bien a la gente que es para los que estamos y para lo que nos votaron\u201d, asever\u00f3.<\/p>\n<p>&nbsp;<\/p>\n<p>&nbsp;<\/p>\n<p><strong>Comit\u00e9 para el desarrollo de la Cuenca del R\u00edo Uruguay<\/strong><\/p>\n<p>\u201cEstar presente en esta reuni\u00f3n donde cambia la presidencia pro t\u00e9mpore tiene para m\u00ed, de manera particular, un significado muy especial porque fui co-fundador de este Comit\u00e9 en Concepci\u00f3n del Uruguay en 2010\u201d, asegur\u00f3 Bordet.<\/p>\n<p>&nbsp;<\/p>\n<p>\u201cHoy, por los a\u00f1os transcurridos, podemos observar con satisfacci\u00f3n los frutos que se obtuvieron de numerosas reuniones y de generar una masa cr\u00edtica, no s\u00f3lo entre intendentes sino entre instituciones y asociaciones civiles de ambos pa\u00edses, de interesar a las canciller\u00edas tanto argentinas como uruguayas de poder avanzar en este cometido, en la participaci\u00f3n y el rol activo que siempre tuvo la Comisi\u00f3n Administradora del R\u00edo Uruguay en avanzar en este proceso de dragado para llegar hoy a poder tener la realidad de que se est\u00e1 efectuando y, lo m\u00e1s importante, tener una previsibilidad y una trazabilidad\u201d, detall\u00f3 el mandatario.<\/p>\n<p>&nbsp;<\/p>\n<p>\u201cPor eso la decisi\u00f3n de llevar adelante el proceso licitatorio y la firma del contrato para hoy estar dragando el r\u00edo Uruguay, es una excelente noticia para todos: los municipios, las intendencias y fundamentalmente para Uruguay y Argentina\u201d.<\/p>\n<p>&nbsp;<\/p>\n<p>A su entender, \u201ces una posibilidad a futuro que abre y dispara innumerables posibilidades de desarrollo y de poder tener mejor competitividad de nuestras econom\u00edas regionales, tanto en Argentina como en Uruguay\u201d.<\/p>\n<p>&nbsp;<\/p>\n<p>Igualmente Bordet aclar\u00f3: \u201cEsto es un proceso que no se agot\u00f3 solamente en tener la hidrov\u00eda porque cuando empezamos con las reuniones se dispararon otros temas que hacen a la integraci\u00f3n regional y sobre esto se avanz\u00f3 much\u00edsimo\u201d.<\/p>\n<p>&nbsp;<\/p>\n<p>\u201cNuestros objetivos son comunes y por eso hago votos para que podamos seguir trabajando de esta manera, porque estamos viendo los frutos que es lo m\u00e1s importante\u201d, concluy\u00f3 el mandatario.<\/p>\n<p>&nbsp;<\/p>\n<p>&nbsp;<\/p>\n<p><strong>Sobre la reuni\u00f3n plenaria<\/strong><\/p>\n<p>Al tomar la palabra, Lauritto agradeci\u00f3 la presencia del gobernador en la localidad. &#8220;Muchas gracias por el motivo que tiene que ver con este encuentro, de algo que naci\u00f3 respondiendo a una necesidad, que es la idea de que esta cuenca tenga su forma institucional de responder a sus necesidades&#8221;, manifest\u00f3.<\/p>\n<p>&nbsp;<\/p>\n<p>En el c\u00f3nclave efectuado en el Parador Norte de la Isla del Puerto tambi\u00e9n participaron el presidente de la delegaci\u00f3n Argentina en la Comisi\u00f3n Administradora del R\u00edo Uruguay (CARU), Mauro Vaz\u00f3n; el ministro de Planeamiento, Luis Benedetto; el diputado nacional de Uruguay Omar Lafluf; intendentes y legisladores de ambos pa\u00edses, concejales y funcionarios, entre otras autoridades.<\/p>\n","protected":false},"excerpt":{"rendered":"<p>El gobernador Gustavo Bordet manifest\u00f3 su preocupaci\u00f3n por la variables macroecon\u00f3micas, garantiz\u00f3 apoyo legislativo a las herramientas que Naci\u00f3n necesita para gobernar pero dej\u00f3 en claro que es el gobierno nacional es que debe hacerse cargo y resolver los problemas de los argentinos &nbsp; &nbsp; &nbsp; \u201cEstamos dispuestos a hacer los aportes necesarios, pero con responsabilidad, equidad y asumiendo el rol que a cada uno nos toque&#8221;, afirm\u00f3. &nbsp; Fue en Concepci\u00f3n del Uruguay, donde fue consultado por la prensa local previo al cierre de la reuni\u00f3n plenaria del Comit\u00e9&#8230;<\/p>\n","protected":false},"author":3,"featured_media":29240,"comment_status":"closed","ping_status":"closed","sticky":false,"template":"","format":"standard","meta":[],"categories":[9,15],"tags":[],"_links":{"self":[{"href":"https:\/\/www.actualidadadiario.com\/index.php\/wp-json\/wp\/v2\/posts\/29239"}],"collection":[{"href":"https:\/\/www.actualidadadiario.com\/index.php\/wp-json\/wp\/v2\/posts"}],"about":[{"href":"https:\/\/www.actualidadadiario.com\/index.php\/wp-json\/wp\/v2\/types\/post"}],"author":[{"embeddable":true,"href":"https:\/\/www.actualidadadiario.com\/index.php\/wp-json\/wp\/v2\/users\/3"}],"replies":[{"embeddable":true,"href":"https:\/\/www.actualidadadiario.com\/index.php\/wp-json\/wp\/v2\/comments?post=29239"}],"version-history":[{"count":1,"href":"https:\/\/www.actualidadadiario.com\/index.php\/wp-json\/wp\/v2\/posts\/29239\/revisions"}],"predecessor-version":[{"id":29241,"href":"https:\/\/www.actualidadadiario.com\/index.php\/wp-json\/wp\/v2\/posts\/29239\/revisions\/29241"}],"wp:featuredmedia":[{"embeddable":true,"href":"https:\/\/www.actualidadadiario.com\/index.php\/wp-json\/wp\/v2\/media\/29240"}],"wp:attachment":[{"href":"https:\/\/www.actualidadadiario.com\/index.php\/wp-json\/wp\/v2\/media?parent=29239"}],"wp:term":[{"taxonomy":"category","embeddable":true,"href":"https:\/\/www.actualidadadiario.com\/index.php\/wp-json\/wp\/v2\/categories?post=29239"},{"taxonomy":"post_tag","embeddable":true,"href":"https:\/\/www.actualidadadiario.com\/index.php\/wp-json\/wp\/v2\/tags?post=29239"}],"curies":[{"name":"wp","href":"https:\/\/api.w.org\/{rel}","templated":true}]}}