{"id":29236,"date":"2018-06-28T10:22:56","date_gmt":"2018-06-28T13:22:56","guid":{"rendered":"https:\/\/www.actualidadadiario.com\/?p=29236"},"modified":"2018-11-06T19:43:00","modified_gmt":"2018-11-06T22:43:00","slug":"entre-rios-disena-y-fabrica-prototipos-tecnologicos-de-rehabilitacion-para-ninos-con-discapacidades-motrices","status":"publish","type":"post","link":"https:\/\/www.actualidadadiario.com\/index.php\/2018\/06\/28\/entre-rios-disena-y-fabrica-prototipos-tecnologicos-de-rehabilitacion-para-ninos-con-discapacidades-motrices\/","title":{"rendered":"Entre R\u00edos dise\u00f1a y fabrica prototipos tecnol\u00f3gicos de rehabilitaci\u00f3n para ni\u00f1os con discapacidades motrices"},"content":{"rendered":"<p><em><strong>Un auto propulsado el\u00e9ctricamente, un bipedestador con base motorizada y una silla de ruedas con posibilidad de bipedestaci\u00f3n para ni\u00f1os con discapacidades motrices ser\u00e1n los tres prototipos que se desarrollar\u00e1n y destinar\u00e1n a centros de rehabilitaci\u00f3n motriz p\u00fablicos especializados en ni\u00f1os<\/strong><\/em><\/p>\n<p>&nbsp;<\/p>\n<p>&nbsp;<\/p>\n<p>&nbsp;<\/p>\n<p>Lo har\u00e1n profesionales y emprendedores tecnol\u00f3gicos en la provincia y la idea es generar tecnolog\u00edas m\u00e1s accesible que la disponible en el mercado nacional e internacional. Se invertir\u00e1n m\u00e1s de tres millones de pesos.<\/p>\n<p>&nbsp;<\/p>\n<p>La propuesta se present\u00f3 a la convocatoria de financiamiento para Proyectos Federales de Innovaci\u00f3n Productiva. Eslabonamientos productivos vinculados (PFIP-Espro) y la idea es dise\u00f1ar y fabricar prototipos tecnol\u00f3gicos que puedan ser utilizados como herramientas de trabajo en centros de rehabilitaci\u00f3n de ni\u00f1os con patolog\u00edas neuromotrices. De esta manera, se podr\u00e1 acceder a tecnolog\u00edas que en el mercado nacional e internacional posee un elevado costo o pueden no existir. Adem\u00e1s, se conforma un grupo de profesionales calificados locales.<\/p>\n<p>&nbsp;<\/p>\n<p>El director del proyecto es el bioingeniero Juan Manuel Reta y el desarrollo estuvo a cargo del emprendedor tecnol\u00f3gico y bioingeniero Alejandro Bisi.<\/p>\n<p>&nbsp;<\/p>\n<p>Al respecto, Reta sostuvo que &#8220;en ese tipo de tecnolog\u00eda hay que tener en cuenta que los dispositivos tienen que asistir a la discapacidad que tenga el ni\u00f1o, pero tambi\u00e9n tiene que servir como elemento de rehabilitaci\u00f3n porque est\u00e1n en etapa de desarrollo&#8221;. Asegur\u00f3 que &#8220;hay oferta en el pa\u00eds, pero la mayor\u00eda son dispositivos importados. Lo que nos llega es est\u00e1ndar y mucho m\u00e1s oneroso. Lo distintivo de esta iniciativa es que se puede desarrollar tecnolog\u00eda dise\u00f1ada para la persona tal como se estila en todas partes del mundo, pero con la empresa arraigada en el lugar&#8221;, acot\u00f3.<\/p>\n<p>&nbsp;<\/p>\n<p>&#8220;La idea es potenciar socialmente este emprendimiento y que est\u00e9 disponible al costo que la gente lo pueda pagar, adem\u00e1s de formar un equipo de trabajo &#8220;, insisti\u00f3 el bioingeniero.<\/p>\n<p>&nbsp;<\/p>\n<p>&#8220;Un rasgo distintivo de este proyecto es que cuenta con financiamiento estatal y encuadra una iniciativa del graduado Alejandro Bisi\u201d, indic\u00f3 al recordar que \u201c\u00e9l empez\u00f3 a trabajar en esta tecnolog\u00eda hace bastantes a\u00f1os y cuando se gradu\u00f3 lo present\u00f3 como proyecto final. Trabaj\u00f3 en la formulaci\u00f3n del proyecto y dem\u00e1s, y la instituci\u00f3n lo que le brinda es un paraguas para poder desarrollar este proyecto y transferir eso a la sociedad a trav\u00e9s de una empresa de base tecnol\u00f3gica que esperamos que la forme \u00e9l&#8221;, remarc\u00f3.<\/p>\n<p>&nbsp;<\/p>\n<p>En tanto, el bioingeniero y emprendedor tecnol\u00f3gico Alejandro Bisi detall\u00f3 que \u201cel proyecto prev\u00e9 el desarrollo de una silla de rueda motorizada, un bipedestador que es como una silla pero para estar en una posici\u00f3n vertical y que permite trasladarse, y el auto el\u00e9ctrico que tiene la funcionalidad m\u00e1s de rehabilitaci\u00f3n que d\u00e9 traslado\u201d.<\/p>\n<p>&nbsp;<\/p>\n<p>En cuanto al bipedestador espec\u00edficamente, Bisi explic\u00f3 que &#8220;es una estructura que permite mantener erguida a una persona que por los propios medios no puede hacerlo. Tienes sujeciones en los tobillos, las rodillas, en la cadera y en algunos casos, dependiendo la patolog\u00eda, en el pecho para mantenerla parada. Se usa m\u00ednimamente una hora por d\u00eda donde los padres o tutores tienen que mantenerlo parado al ni\u00f1o para evitar atrofias musculares, formaci\u00f3n de escaras u osteoporosis, entre otras afecciones&#8221;. Explic\u00f3 adem\u00e1s que &#8220;mejora la irrigaci\u00f3n sangu\u00ednea y la respiraci\u00f3n&#8221;, adem\u00e1s &#8220;del nivel psicol\u00f3gico que mejora mucho en el ni\u00f1o al verse en igualdad de condiciones frente al resto&#8221;.<\/p>\n<p>&nbsp;<\/p>\n<p>A modo de cierre, Bisi dijo que &#8220;a futuro apuesto al apoyo institucional tanto de la universidad como del gobierno provincial para poder quedarme en la capital entrerriana y montar el empresa&#8221;.<\/p>\n<p>&nbsp;<\/p>\n<p>&nbsp;<\/p>\n<p><strong>La iniciativa<\/strong><\/p>\n<p>El proyecto se propone varios objetivos. Entre los objetivos espec\u00edficos est\u00e1n los tres prototipos mencionados, adem\u00e1s de la conformaci\u00f3n de un grupo calificado de profesionales. Entre los prop\u00f3sitos tecnol\u00f3gicos, se plantea el desarrollar tecnolog\u00eda local de mayor accesibilidad, y el brindar la posibilidad de fabricar prototipos a medida para casos particulares donde los productos ofrecidos en el mercado no se adecuan a la necesidad puntal.<\/p>\n<p>&nbsp;<\/p>\n<p>La iniciativa tambi\u00e9n prev\u00e9 objetivos de transferencia tecnol\u00f3gica, y tiene que ver con la posibilidad que cinco centros de rehabilitaci\u00f3n de Paran\u00e1 y zona accedan al menos a un prototipo, como as\u00ed tambi\u00e9n con que cada prototipo pueda satisfacer las necesidades para las cuales fue creado.<\/p>\n<p>&nbsp;<\/p>\n<p>El brindar posibilidades laborales a profesionales locales de diversas \u00e1reas y ampliar la oferta local para los profesionales son parte de los prop\u00f3sitos socioecon\u00f3micos que se propuso el proyecto.<\/p>\n<p>&nbsp;<\/p>\n<p>Para cumplir estos objetivos, profesionales, investigadores y emprendedores har\u00e1n el dise\u00f1o y desarrollo del plan comercial, relevar\u00e1n datos de los centros de rehabilitaci\u00f3n, buscar\u00e1n patentes y normativas vigentes relacionadas a los prototipos a desarrollar, se capacitar\u00e1n e implementar\u00e1n el sistema de gesti\u00f3n de la innovaci\u00f3n, y analizar\u00e1n el mercado para definir una estrategia comercial. Adem\u00e1s, simular\u00e1n un dise\u00f1o en software y lo adecuar\u00e1n a las necesidades del proyecto. Har\u00e1n pruebas, luego de la puesta a punto de las estructuras y la incorporaci\u00f3n de la placa electr\u00f3nica.<\/p>\n<p>&nbsp;<\/p>\n<p>La etapa final prev\u00e9 la entrega de prototipos, la capacitaci\u00f3n y entrenamiento de uso al personal y las pruebas de verificaci\u00f3n conjunta<\/p>\n<p>&nbsp;<\/p>\n<p>&nbsp;<\/p>\n<p><strong>La convocatoria<\/strong><\/p>\n<p>Los Proyectos Federales de Innovaci\u00f3n Productiva. Eslabonamientos Productivos Vinculados (PFIP-ESPRO) son iniciativas de innovaci\u00f3n productiva y transferencia de conocimientos cuyas Ideas-Proyectos (IP) responden a Demandas de innovaci\u00f3n tecnol\u00f3gicas.<\/p>\n<p>&nbsp;<\/p>\n<p>El objetivo es dotar de mayor competitividad a los sectores productivos provinciales, a partir de la identificaci\u00f3n de oportunidades de mejora que implican la existencia de demandas de innovaci\u00f3n tecnol\u00f3gica cuya satisfacci\u00f3n exige un esfuerzo innovador en sectores o actores del sistema productivo y cient\u00edfico-tecnol\u00f3gico.<\/p>\n","protected":false},"excerpt":{"rendered":"<p>Un auto propulsado el\u00e9ctricamente, un bipedestador con base motorizada y una silla de ruedas con posibilidad de bipedestaci\u00f3n para ni\u00f1os con discapacidades motrices ser\u00e1n los tres prototipos que se desarrollar\u00e1n y destinar\u00e1n a centros de rehabilitaci\u00f3n motriz p\u00fablicos especializados en ni\u00f1os &nbsp; &nbsp; &nbsp; Lo har\u00e1n profesionales y emprendedores tecnol\u00f3gicos en la provincia y la idea es generar tecnolog\u00edas m\u00e1s accesible que la disponible en el mercado nacional e internacional. Se invertir\u00e1n m\u00e1s de tres millones de pesos. &nbsp; La propuesta se present\u00f3 a la convocatoria de financiamiento para Proyectos&#8230;<\/p>\n","protected":false},"author":3,"featured_media":29237,"comment_status":"closed","ping_status":"closed","sticky":false,"template":"","format":"standard","meta":[],"categories":[15],"tags":[],"_links":{"self":[{"href":"https:\/\/www.actualidadadiario.com\/index.php\/wp-json\/wp\/v2\/posts\/29236"}],"collection":[{"href":"https:\/\/www.actualidadadiario.com\/index.php\/wp-json\/wp\/v2\/posts"}],"about":[{"href":"https:\/\/www.actualidadadiario.com\/index.php\/wp-json\/wp\/v2\/types\/post"}],"author":[{"embeddable":true,"href":"https:\/\/www.actualidadadiario.com\/index.php\/wp-json\/wp\/v2\/users\/3"}],"replies":[{"embeddable":true,"href":"https:\/\/www.actualidadadiario.com\/index.php\/wp-json\/wp\/v2\/comments?post=29236"}],"version-history":[{"count":1,"href":"https:\/\/www.actualidadadiario.com\/index.php\/wp-json\/wp\/v2\/posts\/29236\/revisions"}],"predecessor-version":[{"id":29238,"href":"https:\/\/www.actualidadadiario.com\/index.php\/wp-json\/wp\/v2\/posts\/29236\/revisions\/29238"}],"wp:featuredmedia":[{"embeddable":true,"href":"https:\/\/www.actualidadadiario.com\/index.php\/wp-json\/wp\/v2\/media\/29237"}],"wp:attachment":[{"href":"https:\/\/www.actualidadadiario.com\/index.php\/wp-json\/wp\/v2\/media?parent=29236"}],"wp:term":[{"taxonomy":"category","embeddable":true,"href":"https:\/\/www.actualidadadiario.com\/index.php\/wp-json\/wp\/v2\/categories?post=29236"},{"taxonomy":"post_tag","embeddable":true,"href":"https:\/\/www.actualidadadiario.com\/index.php\/wp-json\/wp\/v2\/tags?post=29236"}],"curies":[{"name":"wp","href":"https:\/\/api.w.org\/{rel}","templated":true}]}}