{"id":29225,"date":"2018-06-27T10:52:40","date_gmt":"2018-06-27T13:52:40","guid":{"rendered":"https:\/\/www.actualidadadiario.com\/?p=29225"},"modified":"2018-11-06T19:43:00","modified_gmt":"2018-11-06T22:43:00","slug":"el-barco-de-rescate-lifeline-en-el-limbo","status":"publish","type":"post","link":"https:\/\/www.actualidadadiario.com\/index.php\/2018\/06\/27\/el-barco-de-rescate-lifeline-en-el-limbo\/","title":{"rendered":"El barco de rescate &#8216;Lifeline&#8217;, en el limbo"},"content":{"rendered":"<p><em><strong>El barco de la ONG alemana Lifeline ten\u00eda previsto atracar en Malta y derivar a una parte de los 234 inmigrantes rescatados que lleva a bordo a Italia, seg\u00fan ha declarado hoy el &#8216;premier&#8217; italiano, Giuseppe Conte. Desde Par\u00eds, el presidente Emmanuel Macron ha apuntado incluso que a su pa\u00eds llegar\u00edan tambi\u00e9n &#8220;decenas&#8221; de los migrantes. Sin embargo, la tripulaci\u00f3n del buque ha advertido de que Malta no le hab\u00eda dado los permisos para atracar<\/strong><\/em><\/p>\n<p>&nbsp;<\/p>\n<p>&nbsp;<\/p>\n<p>&nbsp;<\/p>\n<p>Giuseppe Conte hab\u00eda explicado horas antes que el &#8216;premier&#8217; malt\u00e9s, Joseph Muscat, le confirm\u00f3 en una conversaci\u00f3n telef\u00f3nica que el barco -que lleva cinco d\u00edas esperando un puerto tras el rechazo de Italia- atracar\u00eda en Malta y que &#8220;se investigar\u00eda la embarcaci\u00f3n para averiguar su nacionalidad real y si la tripulaci\u00f3n ha respetado las reglas de derecho internacional&#8221;. &#8220;Italia har\u00e1 su parte y acoger\u00e1 una cuota de inmigrantes del Lifeline&#8221;, ha subrayado Conte. El &#8216;premier&#8217; italiano ha a\u00f1adido que, &#8220;coherentemente&#8221; con la propuesta avanzada por Italia en la pasada cumbre informal sobre inmigraci\u00f3n, &#8220;quien desembarca en las costas italianas, espa\u00f1olas, griegas o maltesas, desembarca en Europa&#8221;.<\/p>\n<p>&nbsp;<\/p>\n<p>El fundador de Lifeline, Axel Steier, hab\u00eda expresado su satisfacci\u00f3n con esta soluci\u00f3n, a pesar de no haber recibido &#8220;confirmaci\u00f3n todav\u00eda&#8221; por parte del Gobierno malt\u00e9s. Por su parte, el ministro del Interior de Italia, el ultraderechista Matteo Salvini, celebr\u00f3 en Twitter que la ONG fuera a desembarcar en Malta y no en Italia, asegurando que &#8220;este barco fuera de la ley ser\u00e1 finalmente inmovilizado&#8221; despu\u00e9s de atracar en la isla. &#8220;Para las mujeres y los ni\u00f1os que de verdad huyen de la guerra las puertas est\u00e1n abiertas, para todos los dem\u00e1s no&#8221;, especific\u00f3 Matteo Salvini.<\/p>\n","protected":false},"excerpt":{"rendered":"<p>El barco de la ONG alemana Lifeline ten\u00eda previsto atracar en Malta y derivar a una parte de los 234 inmigrantes rescatados que lleva a bordo a Italia, seg\u00fan ha declarado hoy el &#8216;premier&#8217; italiano, Giuseppe Conte. Desde Par\u00eds, el presidente Emmanuel Macron ha apuntado incluso que a su pa\u00eds llegar\u00edan tambi\u00e9n &#8220;decenas&#8221; de los migrantes. Sin embargo, la tripulaci\u00f3n del buque ha advertido de que Malta no le hab\u00eda dado los permisos para atracar &nbsp; &nbsp; &nbsp; Giuseppe Conte hab\u00eda explicado horas antes que el &#8216;premier&#8217; malt\u00e9s, Joseph Muscat,&#8230;<\/p>\n","protected":false},"author":3,"featured_media":29152,"comment_status":"closed","ping_status":"closed","sticky":false,"template":"","format":"standard","meta":[],"categories":[4],"tags":[],"_links":{"self":[{"href":"https:\/\/www.actualidadadiario.com\/index.php\/wp-json\/wp\/v2\/posts\/29225"}],"collection":[{"href":"https:\/\/www.actualidadadiario.com\/index.php\/wp-json\/wp\/v2\/posts"}],"about":[{"href":"https:\/\/www.actualidadadiario.com\/index.php\/wp-json\/wp\/v2\/types\/post"}],"author":[{"embeddable":true,"href":"https:\/\/www.actualidadadiario.com\/index.php\/wp-json\/wp\/v2\/users\/3"}],"replies":[{"embeddable":true,"href":"https:\/\/www.actualidadadiario.com\/index.php\/wp-json\/wp\/v2\/comments?post=29225"}],"version-history":[{"count":1,"href":"https:\/\/www.actualidadadiario.com\/index.php\/wp-json\/wp\/v2\/posts\/29225\/revisions"}],"predecessor-version":[{"id":29226,"href":"https:\/\/www.actualidadadiario.com\/index.php\/wp-json\/wp\/v2\/posts\/29225\/revisions\/29226"}],"wp:featuredmedia":[{"embeddable":true,"href":"https:\/\/www.actualidadadiario.com\/index.php\/wp-json\/wp\/v2\/media\/29152"}],"wp:attachment":[{"href":"https:\/\/www.actualidadadiario.com\/index.php\/wp-json\/wp\/v2\/media?parent=29225"}],"wp:term":[{"taxonomy":"category","embeddable":true,"href":"https:\/\/www.actualidadadiario.com\/index.php\/wp-json\/wp\/v2\/categories?post=29225"},{"taxonomy":"post_tag","embeddable":true,"href":"https:\/\/www.actualidadadiario.com\/index.php\/wp-json\/wp\/v2\/tags?post=29225"}],"curies":[{"name":"wp","href":"https:\/\/api.w.org\/{rel}","templated":true}]}}