{"id":29219,"date":"2018-06-27T10:51:12","date_gmt":"2018-06-27T13:51:12","guid":{"rendered":"https:\/\/www.actualidadadiario.com\/?p=29219"},"modified":"2018-11-06T19:43:00","modified_gmt":"2018-11-06T22:43:00","slug":"la-rae-estudia-introducir-la-palabra-machirulo-en-el-diccionario","status":"publish","type":"post","link":"https:\/\/www.actualidadadiario.com\/index.php\/2018\/06\/27\/la-rae-estudia-introducir-la-palabra-machirulo-en-el-diccionario\/","title":{"rendered":"La RAE estudia introducir la palabra \u201cmachirulo\u201d en el Diccionario"},"content":{"rendered":"<p><em><strong>La propuesta se llev\u00f3 a cabo hace un mes y seg\u00fan la acad\u00e9mica Soledad Pu\u00e9rtolas \u201cllegar\u00e1 a buen puerto\u201d<\/strong><\/em><\/p>\n<p>&nbsp;<\/p>\n<p>&nbsp;<\/p>\n<p>&nbsp;<\/p>\n<p>La Comisi\u00f3n de Neologismos de la Real Academia Espa\u00f1ola (RAE) est\u00e1 en proceso de estudiar la introducci\u00f3n de la palabra &#8220;machirulo&#8221; en el Diccionario. Seg\u00fan ha se\u00f1alado la acad\u00e9mica Soledad Pu\u00e9rtolas la propuesta se llev\u00f3 a cabo hace un mes y considera que &#8220;llegar\u00e1 a buen puerto&#8221;.<\/p>\n<p>&nbsp;<\/p>\n<p>\u201cTiene una carga ir\u00f3nica que creo que se adecuaba m\u00e1s a una actitud de igualdad entre hombres y mujeres, sustituye la idea de macho alfa que es muy poderosa. Machirulo parece una versi\u00f3n m\u00e1s ir\u00f3nica y familiar de la desigualdad entre el hombre y la mujer&#8221;, ha precisado Pu\u00e9rtolas en declaraciones a los medios.<\/p>\n<p>&nbsp;<\/p>\n<p>As\u00ed, ha expresado su &#8220;optimismo&#8221; en cuanto a su incorporaci\u00f3n. &#8220;Yo creo que va a salir adelante como ocurre con las palabras que vienen del espa\u00f1ol si se utilizan. Yo la he escuchado mucho&#8221;, ha concluido.<\/p>\n<p>&nbsp;<\/p>\n<p>La Acad\u00e9mica ha participado, junto al director de la RAE, Dar\u00edo Villanueva, el acad\u00e9mico Jos\u00e9 Mar\u00eda Merino, y los publicistas Alfonso Gonz\u00e1lez, F\u00e9lix Mu\u00f1oz y Carlos Sanz de Andino en una jornada de debate en la que se ha reflexionado sobre la proliferaci\u00f3n de extranjerismos en la publicidad y que ha tenido lugar este martes 26 de junio en Madrid.<\/p>\n<p>&nbsp;<\/p>\n<p>En este contexto, y durante su ponencia en el congreso, la acad\u00e9mica ha alabado el surgimiento de palabras nuevas &#8220;en el idioma propio&#8221; ya que, en su opini\u00f3n &#8220;llevan dentro de s\u00ed una fuerza excesiva que llena de placer&#8221;. &#8220;Mejor en espa\u00f1ol, si&#8221;, ha a\u00f1adido.<\/p>\n<p>&nbsp;<\/p>\n<p>De este modo ha mencionado ejemplos como &#8220;pagafantas&#8221; o &#8220;postureo&#8221; para expresar que son palabras que &#8220;entran en la lengua espa\u00f1ola envueltas en un aire festivo&#8221; haciendo que el lenguaje &#8220;se preste al disfrute&#8221;.<\/p>\n<p>&nbsp;<\/p>\n<p>En este contexto, ha indicado que las palabras que provienen del ingl\u00e9s resultan &#8220;opacas y carecen de olor y color&#8221;. En cualquier caso, tambi\u00e9n ha admitido que &#8220;estas nuevas palabras&#8221; tienen en su mayor\u00eda su origen en el universo de la inform\u00e1tica, y, por ello, ha recalcado &#8220;que ser\u00eda absurdo negar las continuas novedades que se producen en el mundo&#8221;.<\/p>\n<p>&nbsp;<\/p>\n<p>&#8220;Los hallazgos de la lengua propia nos proporcionan una satisfacci\u00f3n especial y tocan una fibra que las palabras exportadas no propician&#8221;, ha expresado para mencionar el vocablo &#8220;aprovechategui&#8221; -utilizada en una intervenci\u00f3n del ex Presidente del Gobierno, Mariano Rajoy- una palabra que, seg\u00fan ha informado, &#8220;hunde sus ra\u00edces en la lengua vasca y a su parecer &#8220;deber\u00eda volver a figurar en el Diccionario&#8221;.<\/p>\n<p>&nbsp;<\/p>\n<p>&nbsp;<\/p>\n<p><strong>Una batalla contra la sociedad<\/strong><\/p>\n<p>En esta l\u00ednea, y en relaci\u00f3n con la constante utilizaci\u00f3n de palabras anglosajonas en la publicidad espa\u00f1ola, Pu\u00e9rtolas ha explicado que en la actualidad &#8220;prima lo visual por encima de la palabra&#8221; y se trata, a su juicio, de una batalla &#8220;contra la sociedad&#8221;. &#8220;Las palabras est\u00e1n cargad\u00edsimas, pero esta sociedad no propicia eso&#8221;, lamentado.<\/p>\n<p>&nbsp;<\/p>\n<p>Esta idea ha sido secundada por Merino quien ha mostrado su &#8220;aprobaci\u00f3n&#8221; a que en la publicidad exista cierta &#8220;licencia po\u00e9tica&#8221; pero ha catalogado como &#8220;absurdo&#8221; que se utilicen palabras de otra lengua si el espa\u00f1ol &#8220;ya tiene un l\u00e9xico para decir lo mismo&#8221;.<\/p>\n<p>&nbsp;<\/p>\n<p>&#8220;En la publicidad es m\u00e1s f\u00e1cil decir palabras en ingl\u00e9s, tanto con el coraz\u00f3n como con la cabeza. Y a veces una buena frase publicitaria en espa\u00f1ol tiene una carga po\u00e9tica que requiere esfuerzo y sabidur\u00eda&#8221;, ha expresado para a\u00f1adir que el lema &#8220;ya es primavera en el Corte Ingl\u00e9s&#8221; cal\u00f3 m\u00e1s que &#8220;Summertime&#8221;.<\/p>\n<p>&nbsp;<\/p>\n<p>Por su parte, el publicista Gonz\u00e1lez ha recalcado que en la actualidad &#8220;las palabras tienen un valor econ\u00f3mico incre\u00edble&#8221; con plataformas como Facebook o Google que, seg\u00fan ha informado, se sostiene de &#8220;vender vocablos&#8221; y que por ello &#8220;es imprescindible que los profesionales de la publicidad sepan manejar la lengua y la cuiden&#8221;.<\/p>\n<p>&nbsp;<\/p>\n<p>&nbsp;<\/p>\n<p><strong>Responsabilidad y libertad creativa<\/strong><\/p>\n<p>En este sentido, Sanz de Andino ha se\u00f1alado que los publicistas tienen &#8220;cierta responsabilidad con la evoluci\u00f3n del idioma&#8221; pero buscan tambi\u00e9n &#8220;tener una cierta libertad creativa para conocer las normas y ser capaces de salt\u00e1rselas&#8221;.<\/p>\n<p>&nbsp;<\/p>\n<p>Para Mu\u00f1oz, las agencias de publicidad espa\u00f1olas compiten con el ingl\u00e9s y, por ello, es necesario preservar y cuidar &#8220;un patrimonio ling\u00fc\u00edstico tan rico como el espa\u00f1ol&#8221; que se puede ir degradando &#8220;hasta perderse&#8221;.<\/p>\n<p>&nbsp;<\/p>\n<p>&#8220;La responsabilidad est\u00e1 en el uso externo que le damos al lenguaje. Controlamos los medios y somos referencia. Podemos mutar y poner en el mercado palabra influenciar en la utilizaci\u00f3n del mismo&#8221;, ha declarado.<\/p>\n","protected":false},"excerpt":{"rendered":"<p>La propuesta se llev\u00f3 a cabo hace un mes y seg\u00fan la acad\u00e9mica Soledad Pu\u00e9rtolas \u201cllegar\u00e1 a buen puerto\u201d &nbsp; &nbsp; &nbsp; La Comisi\u00f3n de Neologismos de la Real Academia Espa\u00f1ola (RAE) est\u00e1 en proceso de estudiar la introducci\u00f3n de la palabra &#8220;machirulo&#8221; en el Diccionario. Seg\u00fan ha se\u00f1alado la acad\u00e9mica Soledad Pu\u00e9rtolas la propuesta se llev\u00f3 a cabo hace un mes y considera que &#8220;llegar\u00e1 a buen puerto&#8221;. &nbsp; \u201cTiene una carga ir\u00f3nica que creo que se adecuaba m\u00e1s a una actitud de igualdad entre hombres y mujeres, sustituye&#8230;<\/p>\n","protected":false},"author":3,"featured_media":29220,"comment_status":"closed","ping_status":"closed","sticky":false,"template":"","format":"standard","meta":[],"categories":[4],"tags":[],"_links":{"self":[{"href":"https:\/\/www.actualidadadiario.com\/index.php\/wp-json\/wp\/v2\/posts\/29219"}],"collection":[{"href":"https:\/\/www.actualidadadiario.com\/index.php\/wp-json\/wp\/v2\/posts"}],"about":[{"href":"https:\/\/www.actualidadadiario.com\/index.php\/wp-json\/wp\/v2\/types\/post"}],"author":[{"embeddable":true,"href":"https:\/\/www.actualidadadiario.com\/index.php\/wp-json\/wp\/v2\/users\/3"}],"replies":[{"embeddable":true,"href":"https:\/\/www.actualidadadiario.com\/index.php\/wp-json\/wp\/v2\/comments?post=29219"}],"version-history":[{"count":1,"href":"https:\/\/www.actualidadadiario.com\/index.php\/wp-json\/wp\/v2\/posts\/29219\/revisions"}],"predecessor-version":[{"id":29221,"href":"https:\/\/www.actualidadadiario.com\/index.php\/wp-json\/wp\/v2\/posts\/29219\/revisions\/29221"}],"wp:featuredmedia":[{"embeddable":true,"href":"https:\/\/www.actualidadadiario.com\/index.php\/wp-json\/wp\/v2\/media\/29220"}],"wp:attachment":[{"href":"https:\/\/www.actualidadadiario.com\/index.php\/wp-json\/wp\/v2\/media?parent=29219"}],"wp:term":[{"taxonomy":"category","embeddable":true,"href":"https:\/\/www.actualidadadiario.com\/index.php\/wp-json\/wp\/v2\/categories?post=29219"},{"taxonomy":"post_tag","embeddable":true,"href":"https:\/\/www.actualidadadiario.com\/index.php\/wp-json\/wp\/v2\/tags?post=29219"}],"curies":[{"name":"wp","href":"https:\/\/api.w.org\/{rel}","templated":true}]}}