{"id":29216,"date":"2018-06-27T10:50:12","date_gmt":"2018-06-27T13:50:12","guid":{"rendered":"https:\/\/www.actualidadadiario.com\/?p=29216"},"modified":"2018-11-06T19:43:00","modified_gmt":"2018-11-06T22:43:00","slug":"pena-defiende-en-el-senado-la-marcha-del-gobierno","status":"publish","type":"post","link":"https:\/\/www.actualidadadiario.com\/index.php\/2018\/06\/27\/pena-defiende-en-el-senado-la-marcha-del-gobierno\/","title":{"rendered":"Pe\u00f1a defiende en el Senado la marcha del Gobierno"},"content":{"rendered":"<p><em><strong>El jefe de Gabinete, Marcos Pe\u00f1a, ir\u00e1 hoy al Senado por segunda vez en lo que va del a\u00f1o a informar sobre la marcha del Gobierno, y podr\u00eda cruzarse con la ex presidenta Cristina Kirchner<\/strong><\/em><\/p>\n<p>&nbsp;<\/p>\n<p>&nbsp;<\/p>\n<p>&nbsp;<\/p>\n<p>&nbsp;<\/p>\n<p>El jefe de Gabinete, Marcos Pe\u00f1a, ir\u00e1 hoy al Senado por segunda vez en lo que va del a\u00f1o a informar sobre la marcha del Gobierno, y podr\u00eda cruzarse con la ex presidenta Cristina Kirchner. La presencia de Pe\u00f1a en el recinto de la C\u00e1mara alta est\u00e1 prevista para las 17, y tendr\u00e1 lugar luego del paro general de la Confederaci\u00f3n General del Trabajo (CGT) que tens\u00f3 la relaci\u00f3n del Gobierno con el sindicalismo.<\/p>\n<p>&nbsp;<\/p>\n<p>Si bien el Senado se caracteriza por un nivel de confrontaci\u00f3n menor al de Diputados, se espera que la oposici\u00f3n m\u00e1s dura intente acorralar a Pe\u00f1a a partir de la cr\u00edtica al acuerdo con el Fondo Monetario Internacional (FMI). Algunos sectores como el Frente para la Victoria-PJ plantean que un acuerdo de endeudamiento de esa naturaleza requiere del aval institucional del Congreso.<\/p>\n<p>&nbsp;<\/p>\n<p>Pe\u00f1a, quien hab\u00eda estado en el Senado el 25 de abril pasado para informar sobre la gesti\u00f3n, le tocar\u00e1 en esta ocasi\u00f3n defender el rumbo del Gobierno en un contexto de mayor conflictividad por la devaluaci\u00f3n reciente del peso y la presi\u00f3n que la corrida imprimi\u00f3 sobre los precios. El oficialismo encara esta parte del a\u00f1o parlamentario con la necesidad de volver a tender puentes con la oposici\u00f3n para negociar el proyecto de Presupuesto 2019.<\/p>\n<p>&nbsp;<\/p>\n<p>En ese sentido, el presupuesto contempla las estimaciones de ingresos y partidas para cubrir los gastos en las diferentes \u00e1reas de la administraci\u00f3n p\u00fablica, as\u00ed como tambi\u00e9n las transferencias de recursos a las provincias. Asimismo, ser\u00e1 determinante la postura que asuma el interbloque Argentina Federal que comanda el rionegrino Miguel Pichetto (Justicialista), ya que se trata de la bancada que responde a los gobernadores peronistas.<\/p>\n<p>&nbsp;<\/p>\n<p>Si bien falta para que venza el plazo para la presentaci\u00f3n del proyecto de Presupuesto 2019 (de acuerdo a la ley de Administraci\u00f3n Financiera del Estado el l\u00edmite es el 15 de septiembre), la idea del oficialismo es llegar a ese momento con los acuerdos lo m\u00e1s avanzados posibles para minimizar la posibilidad de contratiempos.<\/p>\n<p>&nbsp;<\/p>\n<p>En su \u00faltima exposici\u00f3n en Diputados el 23 de mayo pasado, Pe\u00f1a hab\u00eda afirmado que la discusi\u00f3n de la llamada &#8220;ley de leyes&#8221; iba a ser &#8220;el marco para un gran acuerdo nacional&#8221; entre el oficialismo y la oposici\u00f3n para determinar el nivel de ajuste fiscal. Si la ex mandataria asistiera este mi\u00e9rcoles al recinto (no hab\u00eda ocupado su banca en la sesi\u00f3n especial del 25 de abril pasado), ser\u00eda la primera vez que se cruzar\u00eda con el jefe de Gabinete.<\/p>\n<p>&nbsp;<\/p>\n<p>Ser\u00e1 el cuarto informe ante el Congreso y el segundo en el Senado, cumpliendo lo que establece la Constituci\u00f3n Nacional. Adem\u00e1s de responder las preguntas que le plantee la oposici\u00f3n sobre los alcances del acuerdo rubricado con el FMI y sus condicionalidades, el funcionario macrista tambi\u00e9n har\u00e1 referencia a la pol\u00edtica tarifaria y posiblemente sea interrogado sobre el futuro del Fondo de Garant\u00eda de Sustentabilidad (FGS) de la ANSeS.<\/p>\n","protected":false},"excerpt":{"rendered":"<p>El jefe de Gabinete, Marcos Pe\u00f1a, ir\u00e1 hoy al Senado por segunda vez en lo que va del a\u00f1o a informar sobre la marcha del Gobierno, y podr\u00eda cruzarse con la ex presidenta Cristina Kirchner &nbsp; &nbsp; &nbsp; &nbsp; El jefe de Gabinete, Marcos Pe\u00f1a, ir\u00e1 hoy al Senado por segunda vez en lo que va del a\u00f1o a informar sobre la marcha del Gobierno, y podr\u00eda cruzarse con la ex presidenta Cristina Kirchner. La presencia de Pe\u00f1a en el recinto de la C\u00e1mara alta est\u00e1 prevista para las 17,&#8230;<\/p>\n","protected":false},"author":3,"featured_media":29217,"comment_status":"closed","ping_status":"closed","sticky":false,"template":"","format":"standard","meta":[],"categories":[18],"tags":[],"_links":{"self":[{"href":"https:\/\/www.actualidadadiario.com\/index.php\/wp-json\/wp\/v2\/posts\/29216"}],"collection":[{"href":"https:\/\/www.actualidadadiario.com\/index.php\/wp-json\/wp\/v2\/posts"}],"about":[{"href":"https:\/\/www.actualidadadiario.com\/index.php\/wp-json\/wp\/v2\/types\/post"}],"author":[{"embeddable":true,"href":"https:\/\/www.actualidadadiario.com\/index.php\/wp-json\/wp\/v2\/users\/3"}],"replies":[{"embeddable":true,"href":"https:\/\/www.actualidadadiario.com\/index.php\/wp-json\/wp\/v2\/comments?post=29216"}],"version-history":[{"count":1,"href":"https:\/\/www.actualidadadiario.com\/index.php\/wp-json\/wp\/v2\/posts\/29216\/revisions"}],"predecessor-version":[{"id":29218,"href":"https:\/\/www.actualidadadiario.com\/index.php\/wp-json\/wp\/v2\/posts\/29216\/revisions\/29218"}],"wp:featuredmedia":[{"embeddable":true,"href":"https:\/\/www.actualidadadiario.com\/index.php\/wp-json\/wp\/v2\/media\/29217"}],"wp:attachment":[{"href":"https:\/\/www.actualidadadiario.com\/index.php\/wp-json\/wp\/v2\/media?parent=29216"}],"wp:term":[{"taxonomy":"category","embeddable":true,"href":"https:\/\/www.actualidadadiario.com\/index.php\/wp-json\/wp\/v2\/categories?post=29216"},{"taxonomy":"post_tag","embeddable":true,"href":"https:\/\/www.actualidadadiario.com\/index.php\/wp-json\/wp\/v2\/tags?post=29216"}],"curies":[{"name":"wp","href":"https:\/\/api.w.org\/{rel}","templated":true}]}}