{"id":29210,"date":"2018-06-27T10:48:50","date_gmt":"2018-06-27T13:48:50","guid":{"rendered":"https:\/\/www.actualidadadiario.com\/?p=29210"},"modified":"2018-11-06T19:43:00","modified_gmt":"2018-11-06T22:43:00","slug":"el-proyecto-de-aborto-legal-se-votara-en-el-senado-el-8-de-agosto","status":"publish","type":"post","link":"https:\/\/www.actualidadadiario.com\/index.php\/2018\/06\/27\/el-proyecto-de-aborto-legal-se-votara-en-el-senado-el-8-de-agosto\/","title":{"rendered":"El proyecto de aborto legal se votar\u00e1 en el Senado el 8 de agosto"},"content":{"rendered":"<p><em><strong>Lo definieron legisladores de todos los bloques tras una reuni\u00f3n de Labor Parlamentaria. Sigue la pol\u00e9mica por el giro del proyecto a cuatro comisiones<\/strong><\/em><\/p>\n<p>&nbsp;<\/p>\n<p>&nbsp;<\/p>\n<p>&nbsp;<\/p>\n<p>Tras una tensa reuni\u00f3n de Labor Parlamentaria, donde el punto de discordia se centr\u00f3 en los giros a comisiones, senadores de diferentes bloques acordaron hoy celebrar la sesi\u00f3n para discutir el proyecto de legalizaci\u00f3n del aborto el pr\u00f3ximo mi\u00e9rcoles 8 de agosto.<\/p>\n<p>&nbsp;<\/p>\n<p>La idea de los legisladores a favor del aborto es alcanzar la firma de los dict\u00e1menes una semana antes.<\/p>\n<p>&nbsp;<\/p>\n<p>Sin embargo, no hubo acuerdo respecto a los giros a comisiones, controversia que se inici\u00f3 cuando la vicepresidenta, Gabriela Michetti, dispuso cuatro giros, entre ellas las de Presupuesto y Asuntos Constitucionales.<\/p>\n<p>&nbsp;<\/p>\n<p>Si bien hasta el inicio de la sesi\u00f3n seguir\u00e1n las gestiones para una salida pol\u00edtica negociada, una posibilidad firme que se barajaba era que los giros a comisiones se zanjaran a trav\u00e9s de la votaci\u00f3n en el recinto en la sesi\u00f3n de este mi\u00e9rcoles convocada a las 13.30.<\/p>\n<p>&nbsp;<\/p>\n<p>La decisi\u00f3n de Michetti, una ferviente detractora del proyecto de aborto legal, desat\u00f3 una tormenta pol\u00edtica en el Congreso y fue duramente cuestionada por el presidente del interbloque Argentina Federal, Miguel \u00c1ngel Pichetto, quien envi\u00f3 una nota formal para impugnar esa medida.<\/p>\n<p>&nbsp;<\/p>\n<p>El rionegrino consider\u00f3 que la vicepresidenta busc\u00f3 &#8220;dilatar&#8221; un proceso de debate que a su juicio ya hab\u00eda tenido suficiente desarrollo en la C\u00e1mara iniciadora, donde se llevaron a cabo 738 ponencias con especialistas.<\/p>\n<p>&nbsp;<\/p>\n<p>El mismo argumento esgrimi\u00f3 el presidente del bloque de senadores del Frente para la Victoria-PJ, Marcelo Fuentes, quien tambi\u00e9n present\u00f3 una nota formal para objetar los giros.<\/p>\n<p>&nbsp;<\/p>\n<p>Desde que recibi\u00f3 las notas formales, Michetti ten\u00eda tres d\u00edas h\u00e1biles para resolver conforme lo establecido por el art\u00edculo 90 del Reglamento del Senado: al haberse vencido ese plazo, la legislaci\u00f3n establece que la cuesti\u00f3n sea considerada por el cuerpo en la siguiente sesi\u00f3n.<\/p>\n<p>&nbsp;<\/p>\n<p>Un senador a favor de la despenalizaci\u00f3n revel\u00f3 que hubo un ofrecimiento concreto para acotar de cuatro a tres la cantidad de comisiones, pero la propuesta fue deso\u00edda por la vicepresidenta, quien se mantuvo inamovible en la estrategia perge\u00f1ada la semana pasada en un c\u00f3nclave junto a los principales referentes del sector antiabortista de Cambiemos en el Senado.<\/p>\n<p>&nbsp;<\/p>\n<p>La estrategia consiste en encarrilar el debate en comisiones que sean encabezadas por senadores &#8220;provida&#8221;, como por ejemplo la de Presupuesto, a cargo de Esteban Bullrich, quien abiertamente milita la postura antiaborto.<\/p>\n<p>&nbsp;<\/p>\n<p>A su vez, y a contramano de lo acontecido en Diputados, donde la comisi\u00f3n cabecera de los plenarios fue la de Legislaci\u00f3n General, Michetti defini\u00f3 que en el Senado ese rol recaiga en la de Salud, que tiene al frente a otro legislador antiabortista como el radical Mario Fiad.<\/p>\n<p>&nbsp;<\/p>\n<p>Un grupo de abogados en contra del aborto presentaron hoy en el Senado una carta dirigida a los 72 senadores advirtiendo sobre las &#8220;graves falencias jur\u00eddicas&#8221; que tiene la iniciativa de aborto legal, y alertando sobre la &#8220;alta litigiosidad&#8221; que podr\u00eda desencadenar la aplicaci\u00f3n de la norma.<\/p>\n<p>&nbsp;<\/p>\n<p>En simult\u00e1neo, el sector pro-aborto activ\u00f3 este martes la campa\u00f1a dentro del Congreso a trav\u00e9s de una conferencia de prensa en el Sal\u00f3n Illia de la C\u00e1mara alta con el grupo de senadores a favor de la iniciativa que motorizar\u00e1 el debate hasta el 8 de agosto.<\/p>\n<p>&nbsp;<\/p>\n<p>Por parte del interbloque Argentina Federal particip\u00f3 la pampeana Norma Durango, quien pidi\u00f3 &#8220;votar la ley tal como viene de Diputados&#8221; y aclar\u00f3 que en cualquier caso &#8220;si hay alguna modificaci\u00f3n que hacer, se puede hacer en la reglamentaci\u00f3n&#8221;, sin necesidad de &#8220;retrasar&#8221; el proceso.<\/p>\n<p>&nbsp;<\/p>\n<p>Por el oficialismo estuvieron el misionero Humberto Schiavoni (PRO) y la mendocina Pamela Verasay (UCR), que defendi\u00f3 la legalizaci\u00f3n del aborto y sostuvo que &#8220;como funcionarios p\u00fablicos&#8221; no es posible &#8220;seguir siendo c\u00f3mplices de algo que est\u00e1 pasando&#8221;.<\/p>\n","protected":false},"excerpt":{"rendered":"<p>Lo definieron legisladores de todos los bloques tras una reuni\u00f3n de Labor Parlamentaria. Sigue la pol\u00e9mica por el giro del proyecto a cuatro comisiones &nbsp; &nbsp; &nbsp; Tras una tensa reuni\u00f3n de Labor Parlamentaria, donde el punto de discordia se centr\u00f3 en los giros a comisiones, senadores de diferentes bloques acordaron hoy celebrar la sesi\u00f3n para discutir el proyecto de legalizaci\u00f3n del aborto el pr\u00f3ximo mi\u00e9rcoles 8 de agosto. &nbsp; La idea de los legisladores a favor del aborto es alcanzar la firma de los dict\u00e1menes una semana antes. &nbsp;&#8230;<\/p>\n","protected":false},"author":3,"featured_media":29211,"comment_status":"closed","ping_status":"closed","sticky":false,"template":"","format":"standard","meta":[],"categories":[9,18],"tags":[],"_links":{"self":[{"href":"https:\/\/www.actualidadadiario.com\/index.php\/wp-json\/wp\/v2\/posts\/29210"}],"collection":[{"href":"https:\/\/www.actualidadadiario.com\/index.php\/wp-json\/wp\/v2\/posts"}],"about":[{"href":"https:\/\/www.actualidadadiario.com\/index.php\/wp-json\/wp\/v2\/types\/post"}],"author":[{"embeddable":true,"href":"https:\/\/www.actualidadadiario.com\/index.php\/wp-json\/wp\/v2\/users\/3"}],"replies":[{"embeddable":true,"href":"https:\/\/www.actualidadadiario.com\/index.php\/wp-json\/wp\/v2\/comments?post=29210"}],"version-history":[{"count":1,"href":"https:\/\/www.actualidadadiario.com\/index.php\/wp-json\/wp\/v2\/posts\/29210\/revisions"}],"predecessor-version":[{"id":29212,"href":"https:\/\/www.actualidadadiario.com\/index.php\/wp-json\/wp\/v2\/posts\/29210\/revisions\/29212"}],"wp:featuredmedia":[{"embeddable":true,"href":"https:\/\/www.actualidadadiario.com\/index.php\/wp-json\/wp\/v2\/media\/29211"}],"wp:attachment":[{"href":"https:\/\/www.actualidadadiario.com\/index.php\/wp-json\/wp\/v2\/media?parent=29210"}],"wp:term":[{"taxonomy":"category","embeddable":true,"href":"https:\/\/www.actualidadadiario.com\/index.php\/wp-json\/wp\/v2\/categories?post=29210"},{"taxonomy":"post_tag","embeddable":true,"href":"https:\/\/www.actualidadadiario.com\/index.php\/wp-json\/wp\/v2\/tags?post=29210"}],"curies":[{"name":"wp","href":"https:\/\/api.w.org\/{rel}","templated":true}]}}