{"id":29204,"date":"2018-06-27T10:47:22","date_gmt":"2018-06-27T13:47:22","guid":{"rendered":"https:\/\/www.actualidadadiario.com\/?p=29204"},"modified":"2018-11-06T19:43:04","modified_gmt":"2018-11-06T22:43:04","slug":"pena-admitio-que-se-vienen-mas-meses-recesivos","status":"publish","type":"post","link":"https:\/\/www.actualidadadiario.com\/index.php\/2018\/06\/27\/pena-admitio-que-se-vienen-mas-meses-recesivos\/","title":{"rendered":"Pe\u00f1a admiti\u00f3 que se vienen m\u00e1s meses recesivos"},"content":{"rendered":"<p><em><strong>El jefe de Gabinete, Marcos Pe\u00f1a, admiti\u00f3 ayer que se vienen meses recesivos como consecuencia de los shocks externos y la crisis cambiaria, pero se mostr\u00f3 confiado en que el a\u00f1o terminar\u00e1 con signo positivo<\/strong><\/em><\/p>\n<p>&nbsp;<\/p>\n<p>&nbsp;<\/p>\n<p>&nbsp;<\/p>\n<p>&nbsp;<\/p>\n<p>&#8220;Es probable, ya lo han dicho nuestros propios responsables de la econom\u00eda, que producto de los shocks externos que hemos tenido y la crisis cambiaria, eso va a tener un efecto de algunos meses m\u00e1s recesivos, pero creemos que de todas formas este a\u00f1o va a terminar en crecimiento. Y el a\u00f1o que viene vamos a retomar el crecimiento&#8221;, destac\u00f3 Pe\u00f1a. Adem\u00e1s, admiti\u00f3 que habr\u00e1 &#8220;algunos meses m\u00e1s recesivos&#8221; antes de volver a crecer.<\/p>\n<p>&nbsp;<\/p>\n<p>El ministro coordinador brind\u00f3 esas declaraciones tras la reuni\u00f3n semanal del gabinete encabezada por el presidente Mauricio Macri en la Casa Rosada. Durante la reuni\u00f3n, Macri pidi\u00f3 sostener &#8220;el plan de crecimiento y desarrollo para eliminar la pobreza&#8221;.<\/p>\n<p>&nbsp;<\/p>\n<p>Tambi\u00e9n fustig\u00f3 al &#8220;populismo que usa a los pobres, con una econom\u00eda artificial cerrada y aislada al mundo&#8221;, luego de que el jefe de los Camioneros, Hugo Moyano, dijo que durante el gobierno de Cristina Kirchner &#8220;todo el mundo pod\u00eda comer&#8221;.<\/p>\n","protected":false},"excerpt":{"rendered":"<p>El jefe de Gabinete, Marcos Pe\u00f1a, admiti\u00f3 ayer que se vienen meses recesivos como consecuencia de los shocks externos y la crisis cambiaria, pero se mostr\u00f3 confiado en que el a\u00f1o terminar\u00e1 con signo positivo &nbsp; &nbsp; &nbsp; &nbsp; &#8220;Es probable, ya lo han dicho nuestros propios responsables de la econom\u00eda, que producto de los shocks externos que hemos tenido y la crisis cambiaria, eso va a tener un efecto de algunos meses m\u00e1s recesivos, pero creemos que de todas formas este a\u00f1o va a terminar en crecimiento. Y el&#8230;<\/p>\n","protected":false},"author":3,"featured_media":29205,"comment_status":"closed","ping_status":"closed","sticky":false,"template":"","format":"standard","meta":[],"categories":[9],"tags":[],"_links":{"self":[{"href":"https:\/\/www.actualidadadiario.com\/index.php\/wp-json\/wp\/v2\/posts\/29204"}],"collection":[{"href":"https:\/\/www.actualidadadiario.com\/index.php\/wp-json\/wp\/v2\/posts"}],"about":[{"href":"https:\/\/www.actualidadadiario.com\/index.php\/wp-json\/wp\/v2\/types\/post"}],"author":[{"embeddable":true,"href":"https:\/\/www.actualidadadiario.com\/index.php\/wp-json\/wp\/v2\/users\/3"}],"replies":[{"embeddable":true,"href":"https:\/\/www.actualidadadiario.com\/index.php\/wp-json\/wp\/v2\/comments?post=29204"}],"version-history":[{"count":1,"href":"https:\/\/www.actualidadadiario.com\/index.php\/wp-json\/wp\/v2\/posts\/29204\/revisions"}],"predecessor-version":[{"id":29206,"href":"https:\/\/www.actualidadadiario.com\/index.php\/wp-json\/wp\/v2\/posts\/29204\/revisions\/29206"}],"wp:featuredmedia":[{"embeddable":true,"href":"https:\/\/www.actualidadadiario.com\/index.php\/wp-json\/wp\/v2\/media\/29205"}],"wp:attachment":[{"href":"https:\/\/www.actualidadadiario.com\/index.php\/wp-json\/wp\/v2\/media?parent=29204"}],"wp:term":[{"taxonomy":"category","embeddable":true,"href":"https:\/\/www.actualidadadiario.com\/index.php\/wp-json\/wp\/v2\/categories?post=29204"},{"taxonomy":"post_tag","embeddable":true,"href":"https:\/\/www.actualidadadiario.com\/index.php\/wp-json\/wp\/v2\/tags?post=29204"}],"curies":[{"name":"wp","href":"https:\/\/api.w.org\/{rel}","templated":true}]}}