{"id":29201,"date":"2018-06-27T10:46:43","date_gmt":"2018-06-27T13:46:43","guid":{"rendered":"https:\/\/www.actualidadadiario.com\/?p=29201"},"modified":"2018-11-06T19:43:04","modified_gmt":"2018-11-06T22:43:04","slug":"empleo-despiden-a-mas-de-350-trabajadores-de-agencia-telam","status":"publish","type":"post","link":"https:\/\/www.actualidadadiario.com\/index.php\/2018\/06\/27\/empleo-despiden-a-mas-de-350-trabajadores-de-agencia-telam\/","title":{"rendered":"Empleo: despiden a m\u00e1s de 350 trabajadores de agencia T\u00e9lam"},"content":{"rendered":"<p><em><strong>Hern\u00e1n Lombardi justific\u00f3 los despidos y le ech\u00f3 la culpa al gobierno anterior. Los empleados tomaron los dos edificios de la agencia de noticias estatal y declararon un paro por tiempo indeterminado<\/strong><\/em><\/p>\n<p>&nbsp;<\/p>\n<p>&nbsp;<\/p>\n<p>&nbsp;<\/p>\n<p>El gobierno nacional oficializ\u00f3 este martes 354 despidos en la agencia de noticias T\u00e9lam, m\u00e1s del 40% del total de la planta, y los trabajadores iniciaron un paro con ocupaci\u00f3n pac\u00edfica del edificio.<\/p>\n<p>&nbsp;<\/p>\n<p>Tras semanas de rumores, el Sistema Federal de Medios P\u00fablicos, que conduce Hern\u00e1n Lombardi, justific\u00f3 los despidos: &#8220;Como tantos organismos y empresas del Estado, la agencia que heredamos tambi\u00e9n fue v\u00edctima de la irresponsabilidad y del desmanejo del gobierno anterior, que utiliz\u00f3 lo p\u00fablico para fines pol\u00edtico-partidarios&#8221;.<\/p>\n<p>&nbsp;<\/p>\n<p>Este martes, algunos empleados comenzaron a recibir los telegramas de despido, en tanto que a otros les lleg\u00f3 un mail con el t\u00edtulo &#8220;Sos parte de la nueva agencia T\u00e9lam&#8221;.<\/p>\n<p>&nbsp;<\/p>\n<p>&#8220;En 2003 la Agencia contaba con 479 empleados; en 2015, antes de que asumiera el nuevo gobierno, T\u00e9lam hab\u00eda duplicado su plantilla y alcanz\u00f3 los 926 empleados. Seis de cada diez ingresos fueron contratados para tareas period\u00edsticas.<\/p>\n<p>&nbsp;<\/p>\n<p>Sin embargo, la mayor\u00eda de las incorporaciones no contaban con formaci\u00f3n ni experiencia en el \u00e1rea. Confundieron periodismo con propaganda partidaria&#8221;, afirm\u00f3 un comunicado oficial firmado por el Directorio.<\/p>\n","protected":false},"excerpt":{"rendered":"<p>Hern\u00e1n Lombardi justific\u00f3 los despidos y le ech\u00f3 la culpa al gobierno anterior. Los empleados tomaron los dos edificios de la agencia de noticias estatal y declararon un paro por tiempo indeterminado &nbsp; &nbsp; &nbsp; El gobierno nacional oficializ\u00f3 este martes 354 despidos en la agencia de noticias T\u00e9lam, m\u00e1s del 40% del total de la planta, y los trabajadores iniciaron un paro con ocupaci\u00f3n pac\u00edfica del edificio. &nbsp; Tras semanas de rumores, el Sistema Federal de Medios P\u00fablicos, que conduce Hern\u00e1n Lombardi, justific\u00f3 los despidos: &#8220;Como tantos organismos y&#8230;<\/p>\n","protected":false},"author":3,"featured_media":29202,"comment_status":"closed","ping_status":"closed","sticky":false,"template":"","format":"standard","meta":[],"categories":[18],"tags":[],"_links":{"self":[{"href":"https:\/\/www.actualidadadiario.com\/index.php\/wp-json\/wp\/v2\/posts\/29201"}],"collection":[{"href":"https:\/\/www.actualidadadiario.com\/index.php\/wp-json\/wp\/v2\/posts"}],"about":[{"href":"https:\/\/www.actualidadadiario.com\/index.php\/wp-json\/wp\/v2\/types\/post"}],"author":[{"embeddable":true,"href":"https:\/\/www.actualidadadiario.com\/index.php\/wp-json\/wp\/v2\/users\/3"}],"replies":[{"embeddable":true,"href":"https:\/\/www.actualidadadiario.com\/index.php\/wp-json\/wp\/v2\/comments?post=29201"}],"version-history":[{"count":1,"href":"https:\/\/www.actualidadadiario.com\/index.php\/wp-json\/wp\/v2\/posts\/29201\/revisions"}],"predecessor-version":[{"id":29203,"href":"https:\/\/www.actualidadadiario.com\/index.php\/wp-json\/wp\/v2\/posts\/29201\/revisions\/29203"}],"wp:featuredmedia":[{"embeddable":true,"href":"https:\/\/www.actualidadadiario.com\/index.php\/wp-json\/wp\/v2\/media\/29202"}],"wp:attachment":[{"href":"https:\/\/www.actualidadadiario.com\/index.php\/wp-json\/wp\/v2\/media?parent=29201"}],"wp:term":[{"taxonomy":"category","embeddable":true,"href":"https:\/\/www.actualidadadiario.com\/index.php\/wp-json\/wp\/v2\/categories?post=29201"},{"taxonomy":"post_tag","embeddable":true,"href":"https:\/\/www.actualidadadiario.com\/index.php\/wp-json\/wp\/v2\/tags?post=29201"}],"curies":[{"name":"wp","href":"https:\/\/api.w.org\/{rel}","templated":true}]}}