{"id":29198,"date":"2018-06-27T10:45:54","date_gmt":"2018-06-27T13:45:54","guid":{"rendered":"https:\/\/www.actualidadadiario.com\/?p=29198"},"modified":"2018-11-06T19:43:04","modified_gmt":"2018-11-06T22:43:04","slug":"el-titular-de-cra-a-dujovne-que-traiga-la-plata-de-afuera-en-vez-de-hablar-del-campo","status":"publish","type":"post","link":"https:\/\/www.actualidadadiario.com\/index.php\/2018\/06\/27\/el-titular-de-cra-a-dujovne-que-traiga-la-plata-de-afuera-en-vez-de-hablar-del-campo\/","title":{"rendered":"El titular de CRA a Dujovne: &#8220;Que traiga la plata de afuera en vez de hablar del campo&#8221;"},"content":{"rendered":"<p><em><strong>Dardo Chiesa critic\u00f3 al ministro de Hacienda y Finanzas tras los rumores de una suspensi\u00f3n de la baja de la al\u00edcuota<\/strong><\/em><\/p>\n<p>&nbsp;<\/p>\n<p>&nbsp;<\/p>\n<p>&nbsp;<\/p>\n<p>El presidente de Confederaciones Rurales Argentinas (CRA), Dardo Chiesa, critic\u00f3 este martes al ministro de Hacienda y Finanzas, Nicol\u00e1s Dujovne, al sostener que el funcionario deber\u00eda &#8220;traer la plata que tiene afuera en vez de hablar del campo&#8221;.<\/p>\n<p>&nbsp;<\/p>\n<p>El ruralista se expres\u00f3 as\u00ed en medio de los rumores sobre una eventual suspensi\u00f3n en la baja de las retenciones a las exportaciones de soja, algo que es rechazado por las exportadoras y los productores.<\/p>\n<p>&nbsp;<\/p>\n<p>&#8220;Ser\u00eda una buena se\u00f1al que Dujovne traiga la plata de afuera en vez de hablar tanto del campo. Estamos en un avi\u00f3n donde el piloto no tiene matr\u00edcula&#8221;, dijo Chiesa, enojado por los rumores.<\/p>\n<p>&nbsp;<\/p>\n<p>Dujovne hab\u00eda asegurado en su \u00faltima conferencia de prensa hace dos semanas que no ten\u00eda previsto al menos por ahora tocar el cronograma comprometido ante las entidades agropecuarias de reducir las retenciones a la soja de a medio punto porcentual por mes.<\/p>\n<p>&nbsp;<\/p>\n<p>En declaraciones a FM La Patriada, Chiesa carg\u00f3 contra la cartera de econom\u00eda: &#8220;Mientras Dujovne habla del campo, nosotros no tenemos caminos ni conectividad, mejor que traiga la plata de afuera antes de hablar&#8221;.<\/p>\n<p>&nbsp;<\/p>\n<p>En este sentido, remarc\u00f3: &#8220;Hay un se\u00f1or en el gabinete de Dujovne que se llama Rodrigo Pena y redact\u00f3 la 125 con (el exministro durante el kirchnerismo Mart\u00edn) Lousteau&#8221;.<\/p>\n<p>&nbsp;<\/p>\n<p>Chiesa dijo que le pidi\u00f3 una reuni\u00f3n al presidente Mauricio Macri para tratar el tema retenciones que &#8220;preocupa&#8221; al sector y la respuesta fue que &#8220;esperen un poco&#8221;, por lo que este mi\u00e9rcoles se reunir\u00e1n con el ministro de Agroindustria, Luis Etchevehere.<\/p>\n<p>&nbsp;<\/p>\n<p>La reuni\u00f3n con Etchevehere estaba en agenda hace dos semanas y el tema convocante es para hablar del proyecto de la Ley de Semillas que CRA y Federaci\u00f3n Agraria impulsan juntas.<\/p>\n<p>&nbsp;<\/p>\n<p>Chiesa agreg\u00f3 sobre la situaci\u00f3n del sector agropecuario: &#8220;El campo viene poniendo el hombro, cosa que otros sectores no est\u00e1n haciendo desde hace tiempo&#8221;.<\/p>\n<p>&nbsp;<\/p>\n<p>El referente agropecuario remarc\u00f3 que &#8220;hay sectores que se la pasan hablando del campo y jugando al p\u00f3ker con el sector, cuando nosotros no paramos de poner el hombro&#8221;.<\/p>\n<p>&nbsp;<\/p>\n<p>Y concluy\u00f3: &#8220;Si se reimplantan las retenciones, condenamos a productores a quedar afuera de la actividad. \u00bfQu\u00e9 quieren? \u00bfQu\u00e9 entreguemos a los productores en cuotas?&#8221;.<\/p>\n","protected":false},"excerpt":{"rendered":"<p>Dardo Chiesa critic\u00f3 al ministro de Hacienda y Finanzas tras los rumores de una suspensi\u00f3n de la baja de la al\u00edcuota &nbsp; &nbsp; &nbsp; El presidente de Confederaciones Rurales Argentinas (CRA), Dardo Chiesa, critic\u00f3 este martes al ministro de Hacienda y Finanzas, Nicol\u00e1s Dujovne, al sostener que el funcionario deber\u00eda &#8220;traer la plata que tiene afuera en vez de hablar del campo&#8221;. &nbsp; El ruralista se expres\u00f3 as\u00ed en medio de los rumores sobre una eventual suspensi\u00f3n en la baja de las retenciones a las exportaciones de soja, algo que&#8230;<\/p>\n","protected":false},"author":3,"featured_media":29199,"comment_status":"closed","ping_status":"closed","sticky":false,"template":"","format":"standard","meta":[],"categories":[18],"tags":[],"_links":{"self":[{"href":"https:\/\/www.actualidadadiario.com\/index.php\/wp-json\/wp\/v2\/posts\/29198"}],"collection":[{"href":"https:\/\/www.actualidadadiario.com\/index.php\/wp-json\/wp\/v2\/posts"}],"about":[{"href":"https:\/\/www.actualidadadiario.com\/index.php\/wp-json\/wp\/v2\/types\/post"}],"author":[{"embeddable":true,"href":"https:\/\/www.actualidadadiario.com\/index.php\/wp-json\/wp\/v2\/users\/3"}],"replies":[{"embeddable":true,"href":"https:\/\/www.actualidadadiario.com\/index.php\/wp-json\/wp\/v2\/comments?post=29198"}],"version-history":[{"count":1,"href":"https:\/\/www.actualidadadiario.com\/index.php\/wp-json\/wp\/v2\/posts\/29198\/revisions"}],"predecessor-version":[{"id":29200,"href":"https:\/\/www.actualidadadiario.com\/index.php\/wp-json\/wp\/v2\/posts\/29198\/revisions\/29200"}],"wp:featuredmedia":[{"embeddable":true,"href":"https:\/\/www.actualidadadiario.com\/index.php\/wp-json\/wp\/v2\/media\/29199"}],"wp:attachment":[{"href":"https:\/\/www.actualidadadiario.com\/index.php\/wp-json\/wp\/v2\/media?parent=29198"}],"wp:term":[{"taxonomy":"category","embeddable":true,"href":"https:\/\/www.actualidadadiario.com\/index.php\/wp-json\/wp\/v2\/categories?post=29198"},{"taxonomy":"post_tag","embeddable":true,"href":"https:\/\/www.actualidadadiario.com\/index.php\/wp-json\/wp\/v2\/tags?post=29198"}],"curies":[{"name":"wp","href":"https:\/\/api.w.org\/{rel}","templated":true}]}}