{"id":29196,"date":"2018-06-27T10:44:50","date_gmt":"2018-06-27T13:44:50","guid":{"rendered":"https:\/\/www.actualidadadiario.com\/?p=29196"},"modified":"2018-11-06T19:43:04","modified_gmt":"2018-11-06T22:43:04","slug":"el-gobierno-volvio-a-emitir-deuda-esta-vez-por-800-millones-de-dolares","status":"publish","type":"post","link":"https:\/\/www.actualidadadiario.com\/index.php\/2018\/06\/27\/el-gobierno-volvio-a-emitir-deuda-esta-vez-por-800-millones-de-dolares\/","title":{"rendered":"El Gobierno volvi\u00f3 a emitir deuda, esta vez por 800 millones de d\u00f3lares"},"content":{"rendered":"<p><em><strong>El Gobierno dispuso hoy ampliar la emisi\u00f3n de dos Letras del Tesoro, por un total de 800 millones de d\u00f3lares, &#8220;en el marco de una estrategia financiera integral y del programa financiero&#8221; para 2018<\/strong><\/em><\/p>\n<p>&nbsp;<\/p>\n<p>&nbsp;<\/p>\n<p>&nbsp;<\/p>\n<p>&nbsp;<\/p>\n<p>La decisi\u00f3n se tom\u00f3 a partir de una resoluci\u00f3n del Ministerio de Hacienda, fue publicada este mi\u00e9rcoles en el Bolet\u00edn Oficial y lleva la firma del titular de la cartera, Nicol\u00e1s Dujovne.<\/p>\n<p>&nbsp;<\/p>\n<p>Una de las Letras, emitida originalmente el 11 de julio del a\u00f1o pasado por el ex Ministerio de Finanzas, tiene fecha de vencimiento el 12 de octubre pr\u00f3ximo y se ampli\u00f3 en 300 millones de d\u00f3lares.<\/p>\n<p>&nbsp;<\/p>\n<p>La otra -que se lanz\u00f3 al mercado el 13 de marzo \u00faltimo y vencer\u00e1 el 22 de febrero de 2019- se ampli\u00f3 en 500 millones de d\u00f3lares, de acuerdo con el texto oficial.<\/p>\n","protected":false},"excerpt":{"rendered":"<p>El Gobierno dispuso hoy ampliar la emisi\u00f3n de dos Letras del Tesoro, por un total de 800 millones de d\u00f3lares, &#8220;en el marco de una estrategia financiera integral y del programa financiero&#8221; para 2018 &nbsp; &nbsp; &nbsp; &nbsp; La decisi\u00f3n se tom\u00f3 a partir de una resoluci\u00f3n del Ministerio de Hacienda, fue publicada este mi\u00e9rcoles en el Bolet\u00edn Oficial y lleva la firma del titular de la cartera, Nicol\u00e1s Dujovne. &nbsp; Una de las Letras, emitida originalmente el 11 de julio del a\u00f1o pasado por el ex Ministerio de Finanzas,&#8230;<\/p>\n","protected":false},"author":3,"featured_media":28836,"comment_status":"closed","ping_status":"closed","sticky":false,"template":"","format":"standard","meta":[],"categories":[2],"tags":[],"_links":{"self":[{"href":"https:\/\/www.actualidadadiario.com\/index.php\/wp-json\/wp\/v2\/posts\/29196"}],"collection":[{"href":"https:\/\/www.actualidadadiario.com\/index.php\/wp-json\/wp\/v2\/posts"}],"about":[{"href":"https:\/\/www.actualidadadiario.com\/index.php\/wp-json\/wp\/v2\/types\/post"}],"author":[{"embeddable":true,"href":"https:\/\/www.actualidadadiario.com\/index.php\/wp-json\/wp\/v2\/users\/3"}],"replies":[{"embeddable":true,"href":"https:\/\/www.actualidadadiario.com\/index.php\/wp-json\/wp\/v2\/comments?post=29196"}],"version-history":[{"count":1,"href":"https:\/\/www.actualidadadiario.com\/index.php\/wp-json\/wp\/v2\/posts\/29196\/revisions"}],"predecessor-version":[{"id":29197,"href":"https:\/\/www.actualidadadiario.com\/index.php\/wp-json\/wp\/v2\/posts\/29196\/revisions\/29197"}],"wp:featuredmedia":[{"embeddable":true,"href":"https:\/\/www.actualidadadiario.com\/index.php\/wp-json\/wp\/v2\/media\/28836"}],"wp:attachment":[{"href":"https:\/\/www.actualidadadiario.com\/index.php\/wp-json\/wp\/v2\/media?parent=29196"}],"wp:term":[{"taxonomy":"category","embeddable":true,"href":"https:\/\/www.actualidadadiario.com\/index.php\/wp-json\/wp\/v2\/categories?post=29196"},{"taxonomy":"post_tag","embeddable":true,"href":"https:\/\/www.actualidadadiario.com\/index.php\/wp-json\/wp\/v2\/tags?post=29196"}],"curies":[{"name":"wp","href":"https:\/\/api.w.org\/{rel}","templated":true}]}}