{"id":29193,"date":"2018-06-27T10:43:20","date_gmt":"2018-06-27T13:43:20","guid":{"rendered":"https:\/\/www.actualidadadiario.com\/?p=29193"},"modified":"2018-11-06T19:43:04","modified_gmt":"2018-11-06T22:43:04","slug":"por-la-devaluacion-la-venta-de-electrodomesticos-comenzo-a-caer-en-mayo","status":"publish","type":"post","link":"https:\/\/www.actualidadadiario.com\/index.php\/2018\/06\/27\/por-la-devaluacion-la-venta-de-electrodomesticos-comenzo-a-caer-en-mayo\/","title":{"rendered":"Por la devaluaci\u00f3n, la venta de electrodom\u00e9sticos comenz\u00f3 a caer en mayo"},"content":{"rendered":"<p><em><strong>La fuerte devaluaci\u00f3n de mayo impact\u00f3 en el consumo de electrodom\u00e9sticos. Tras un primer cuatrimestre en alza, en el mes en que el d\u00f3lar pas\u00f3 de $ 20 a $ 25,5 las ventas de las principales categor\u00edas se frenaron, a excepci\u00f3n de los televisores, que crecieron fuerte en unidades (un 99%), seg\u00fan datos de GfK, en un mes de agresivas promociones y Hot Sale, de cara al Mundial de Rusia. Tambi\u00e9n las notebooks, que crecieron 25%, a un a\u00f1o de la liberaci\u00f3n de las importaciones sin arancel, sobre una base baja de 2017<\/strong><\/em><\/p>\n<p>&nbsp;<\/p>\n<p>&nbsp;<\/p>\n<p>&nbsp;<\/p>\n<p>Esos productos, sobre todo los TV, ayudaron a que el mercado general se mantenga estable, con un leve 0,7% de alza, mientras las dem\u00e1s categor\u00edas cerraron con en baja, de 0,4% a 1,3%, seg\u00fan un informe de GfK.<\/p>\n<p>&nbsp;<\/p>\n<p>&#8220;El primer trimestre hab\u00eda sido bueno en ventas, se compara con inicios de 2017, cuando la demanda a\u00fan no se hab\u00eda recuperado. En abril se not\u00f3 una desaceleraci\u00f3n y en mayo casi cambi\u00f3 la tendencia; estimamos que en junio habr\u00e1 una ca\u00edda m\u00e1s profunda en las ventas&#8221;, coment\u00f3 Eduardo Echevarr\u00eda, Project Manager de GfK.<\/p>\n<p>&nbsp;<\/p>\n<p>&#8220;Impact\u00f3 la devaluaci\u00f3n; en mayo no cay\u00f3 m\u00e1s la demanda gracias al Hot Sale. Mucha gente aprovech\u00f3 en medio de la corrida cambiaria para comprar antes de nuevas subas de precio. De ah\u00ed que en ese mes la baja sea muy leve en l\u00ednea blanca; pero para junio se espera una ca\u00edda mucho mayor&#8221;, agreg\u00f3. En l\u00ednea blanca, categor\u00eda de gran peso, el retroceso fue de s\u00f3lo 0,3%, gracias al alza de heladeras (+5,6%), ya que cayeron lavarropas (-2,6%), freezers (-9%), campanas (-9,7%) y cocinas (-1,6%).<\/p>\n<p>&nbsp;<\/p>\n<p>Como las ventas ven\u00edan en alza hasta abril, desde la recuperaci\u00f3n en 2017, a\u00f1o en que cerraron casi al nivel de 2015 (luego del retroceso en consumo de 2016), los resultados acumulados a mayo del sector son a\u00fan positivos en un 7% en unidades, tambi\u00e9n gracias a TV y notebooks.<\/p>\n<p>&nbsp;<\/p>\n<p>Las expectativas son poco alentadoras de cara al futuro, en un contexto de ca\u00edda del salario real y alza de precio de productos por la devaluaci\u00f3n. &#8220;Se fabrican muchos productos de l\u00ednea blanca en el pa\u00eds, pero gran parte de los insumos son importados; pesan un 50% o m\u00e1s. Y hay que tener en cuenta adem\u00e1s los costos locales. El alza del d\u00f3lar suele trasladarse en un 70% al valor de estos productos, insumo-importado dependientes. Los precios se ajustan gradualmente, porque la venta se redujo por p\u00e9rdida del salario real, aunque no hay mucho margen para no subir. En mayo se nota un ajuste de 5,4% en los precios contra abril, fuerte para un mes&#8221;, explic\u00f3 Echevarr\u00eda.<\/p>\n<p>&nbsp;<\/p>\n<p>En el sector se proyecta un cierre de a\u00f1o en rojo. &#8220;Por estos d\u00edas se tranquiliz\u00f3 el mercado cambiario, resta ver c\u00f3mo se acomoda todo, pero se espera que el salario real se ajuste por debajo de la inflaci\u00f3n, lo cual seguir\u00e1 afectando al consumo de bienes durables. El segundo semestre ser\u00e1 complicado y negativo, por ca\u00edda de la demanda y suba de costos, son momentos dif\u00edciles para los fabricantes. Vamos a estar por debajo de 2015 en ventas&#8221;, coment\u00f3 Echevarr\u00eda.<\/p>\n<p>&nbsp;<\/p>\n<p>Desde Kantar TNS tambi\u00e9n auguran una ca\u00edda, en funci\u00f3n del \u00cdndice General de Expectativas Econ\u00f3micas (IGEE). &#8220;El consumidor evalu\u00f3 que no es buen momento para comprar bienes durables, potencialmente afectado por el impacto de costo de vida (gastos en servicios y precios de alimentos) que comprimen la capacidad potencial de compra&#8221;, se\u00f1al\u00f3 Mercedes Ruiz Barrio, investigadora Senior de Kantar TNS. Ese \u00edndice sobre bienes durables se retrajo por cuarto \u00a0mes, un 4%, y un 7% contra 2017.<\/p>\n","protected":false},"excerpt":{"rendered":"<p>La fuerte devaluaci\u00f3n de mayo impact\u00f3 en el consumo de electrodom\u00e9sticos. Tras un primer cuatrimestre en alza, en el mes en que el d\u00f3lar pas\u00f3 de $ 20 a $ 25,5 las ventas de las principales categor\u00edas se frenaron, a excepci\u00f3n de los televisores, que crecieron fuerte en unidades (un 99%), seg\u00fan datos de GfK, en un mes de agresivas promociones y Hot Sale, de cara al Mundial de Rusia. Tambi\u00e9n las notebooks, que crecieron 25%, a un a\u00f1o de la liberaci\u00f3n de las importaciones sin arancel, sobre una base&#8230;<\/p>\n","protected":false},"author":3,"featured_media":29194,"comment_status":"closed","ping_status":"closed","sticky":false,"template":"","format":"standard","meta":[],"categories":[2],"tags":[],"_links":{"self":[{"href":"https:\/\/www.actualidadadiario.com\/index.php\/wp-json\/wp\/v2\/posts\/29193"}],"collection":[{"href":"https:\/\/www.actualidadadiario.com\/index.php\/wp-json\/wp\/v2\/posts"}],"about":[{"href":"https:\/\/www.actualidadadiario.com\/index.php\/wp-json\/wp\/v2\/types\/post"}],"author":[{"embeddable":true,"href":"https:\/\/www.actualidadadiario.com\/index.php\/wp-json\/wp\/v2\/users\/3"}],"replies":[{"embeddable":true,"href":"https:\/\/www.actualidadadiario.com\/index.php\/wp-json\/wp\/v2\/comments?post=29193"}],"version-history":[{"count":1,"href":"https:\/\/www.actualidadadiario.com\/index.php\/wp-json\/wp\/v2\/posts\/29193\/revisions"}],"predecessor-version":[{"id":29195,"href":"https:\/\/www.actualidadadiario.com\/index.php\/wp-json\/wp\/v2\/posts\/29193\/revisions\/29195"}],"wp:featuredmedia":[{"embeddable":true,"href":"https:\/\/www.actualidadadiario.com\/index.php\/wp-json\/wp\/v2\/media\/29194"}],"wp:attachment":[{"href":"https:\/\/www.actualidadadiario.com\/index.php\/wp-json\/wp\/v2\/media?parent=29193"}],"wp:term":[{"taxonomy":"category","embeddable":true,"href":"https:\/\/www.actualidadadiario.com\/index.php\/wp-json\/wp\/v2\/categories?post=29193"},{"taxonomy":"post_tag","embeddable":true,"href":"https:\/\/www.actualidadadiario.com\/index.php\/wp-json\/wp\/v2\/tags?post=29193"}],"curies":[{"name":"wp","href":"https:\/\/api.w.org\/{rel}","templated":true}]}}