{"id":29190,"date":"2018-06-27T10:42:29","date_gmt":"2018-06-27T13:42:29","guid":{"rendered":"https:\/\/www.actualidadadiario.com\/?p=29190"},"modified":"2018-11-06T19:43:04","modified_gmt":"2018-11-06T22:43:04","slug":"el-gobierno-estudia-compensaciones-para-las-economias-regionales","status":"publish","type":"post","link":"https:\/\/www.actualidadadiario.com\/index.php\/2018\/06\/27\/el-gobierno-estudia-compensaciones-para-las-economias-regionales\/","title":{"rendered":"El Gobierno estudia compensaciones para las econom\u00edas regionales"},"content":{"rendered":"<p><em><strong>El Gobierno estudia un esquema de compensaciones para las empresas que generan empleo y que est\u00e1n radicadas en las econom\u00edas regionales con el objetivo de evitar el fuerte impacto negativo en el campo del trabajo que generar\u00e1 la eliminaci\u00f3n progresiva del decreto 814 con el que hab\u00eda avanzado la administraci\u00f3n del antiguo Ministerio de la Producci\u00f3n. As\u00ed se los adelant\u00f3 el flamante ministro Dante Sica a los integrantes de la UIA<\/strong><\/em><\/p>\n<p>&nbsp;<\/p>\n<p>&nbsp;<\/p>\n<p>&nbsp;<\/p>\n<p>&nbsp;<\/p>\n<p>La ca\u00edda del sistema que contempla reducciones impositivas para las f\u00e1bricas del interior del pa\u00eds hab\u00eda provocado la alarma entre los empresarios y los gobernadores porque consideraron que las inversiones se iban a concentrar a\u00fan m\u00e1s en las ciudades portuarias, e iba en contra del desarrollo federal y dejaba sin l\u00f3gica de funcionamiento el ambicioso plan Belgrano.<\/p>\n<p>&nbsp;<\/p>\n<p>Sica confirm\u00f3 que el decreto 814 es rechazado por todo el Gobierno porque &#8220;naci\u00f3 mal&#8221; en su forma de aplicaci\u00f3n, pero admiti\u00f3 que &#8220;ser\u00e1 necesario un sistema de compensaciones para la generaci\u00f3n de empleo en las econom\u00edas regionales&#8221;, seg\u00fan pudo reconstruir este diario de la charla que mantuvo con los empresarios el lunes pasado.<\/p>\n<p>&nbsp;<\/p>\n<p>La definici\u00f3n del funcionario llev\u00f3 tranquilidad a los due\u00f1os de f\u00e1bricas emplazadas en el interior del pa\u00eds. Pero si bien la imagen que dej\u00f3 el nuevo funcionario gener\u00f3 una fuerte expectativa de cambio en las pol\u00edticas industriales, en la UIA recrudeci\u00f3 el temor por una interna dentro del Gabinete que incluye la diputada nacional Elisa Carri\u00f3, principal socia de la alianza Cambiemos.<\/p>\n<p>&nbsp;<\/p>\n<p>La l\u00edder oficialista ratific\u00f3 su v\u00ednculo con el secretario de Comercio, Miguel Braun. Ambos mantienen una disputa abierta con los industriales y los empresarios se enteraron -de parte de un sector del Gobierno- que ambos avanzan en una estructura de contrapoder dentro del sector privado para esmerilar la representaci\u00f3n de la UIA.<\/p>\n<p>&nbsp;<\/p>\n<p>&#8220;Es una mini (Guillermo) Moreno. Sale a prometer soluciones que son inviables en un contexto econ\u00f3mico que afect\u00f3 a la industria, con el \u00fanico objetivo de romper la relaci\u00f3n de la entidad con distintos sectores y territorios. Pelearse con las instituciones va en contra de los valores republicanos que ella misma expresa&#8221;, se lament\u00f3 una encumbrada fuente industrial.<\/p>\n<p>&nbsp;<\/p>\n<p>Ayer se reuni\u00f3 el Comit\u00e9 Ejecutivo de la UIA con algunas ausencias anticipadas. El repaso del encuentro con Sica atraves\u00f3 el almuerzo industrial, pero a pesar de haber encontrado al &#8220;primer funcionario con perfil industrialista del Gobierno&#8221; -seg\u00fan lo definieron al nuevo ministro-, el clima de &#8220;preocupaci\u00f3n&#8221; entre los fabricantes nacionales &#8220;va en ascenso&#8221;.<\/p>\n<p>&nbsp;<\/p>\n<p>Las estimaciones que tienen de los datos parciales que llegan a la casa central de los industriales muestran un segundo semestre &#8220;mucho m\u00e1s preocupante&#8221; del que se espera para la econom\u00eda general. Por caso, admitieron que tendr\u00e1n que rediscutir salarios los sectores que cerraron paritarias aunque confirmaron un anticipo que hab\u00eda surgido desde los empresarios fabriles antes del primer trimestre: &#8220;la inflaci\u00f3n comienza con 3 y las empresas nos preparamos para contemplar mejoras muy por encima del 15% oficial porque la realidad es distinta a la planteada por el Gobierno&#8221;.<\/p>\n","protected":false},"excerpt":{"rendered":"<p>El Gobierno estudia un esquema de compensaciones para las empresas que generan empleo y que est\u00e1n radicadas en las econom\u00edas regionales con el objetivo de evitar el fuerte impacto negativo en el campo del trabajo que generar\u00e1 la eliminaci\u00f3n progresiva del decreto 814 con el que hab\u00eda avanzado la administraci\u00f3n del antiguo Ministerio de la Producci\u00f3n. As\u00ed se los adelant\u00f3 el flamante ministro Dante Sica a los integrantes de la UIA &nbsp; &nbsp; &nbsp; &nbsp; La ca\u00edda del sistema que contempla reducciones impositivas para las f\u00e1bricas del interior del pa\u00eds&#8230;<\/p>\n","protected":false},"author":3,"featured_media":29191,"comment_status":"closed","ping_status":"closed","sticky":false,"template":"","format":"standard","meta":[],"categories":[2],"tags":[],"_links":{"self":[{"href":"https:\/\/www.actualidadadiario.com\/index.php\/wp-json\/wp\/v2\/posts\/29190"}],"collection":[{"href":"https:\/\/www.actualidadadiario.com\/index.php\/wp-json\/wp\/v2\/posts"}],"about":[{"href":"https:\/\/www.actualidadadiario.com\/index.php\/wp-json\/wp\/v2\/types\/post"}],"author":[{"embeddable":true,"href":"https:\/\/www.actualidadadiario.com\/index.php\/wp-json\/wp\/v2\/users\/3"}],"replies":[{"embeddable":true,"href":"https:\/\/www.actualidadadiario.com\/index.php\/wp-json\/wp\/v2\/comments?post=29190"}],"version-history":[{"count":1,"href":"https:\/\/www.actualidadadiario.com\/index.php\/wp-json\/wp\/v2\/posts\/29190\/revisions"}],"predecessor-version":[{"id":29192,"href":"https:\/\/www.actualidadadiario.com\/index.php\/wp-json\/wp\/v2\/posts\/29190\/revisions\/29192"}],"wp:featuredmedia":[{"embeddable":true,"href":"https:\/\/www.actualidadadiario.com\/index.php\/wp-json\/wp\/v2\/media\/29191"}],"wp:attachment":[{"href":"https:\/\/www.actualidadadiario.com\/index.php\/wp-json\/wp\/v2\/media?parent=29190"}],"wp:term":[{"taxonomy":"category","embeddable":true,"href":"https:\/\/www.actualidadadiario.com\/index.php\/wp-json\/wp\/v2\/categories?post=29190"},{"taxonomy":"post_tag","embeddable":true,"href":"https:\/\/www.actualidadadiario.com\/index.php\/wp-json\/wp\/v2\/tags?post=29190"}],"curies":[{"name":"wp","href":"https:\/\/api.w.org\/{rel}","templated":true}]}}